{"id":5557,"date":"2016-05-03T11:41:21","date_gmt":"2016-05-03T11:41:21","guid":{"rendered":"http:\/\/www.ayuntamientodeharia.com\/haria\/?p=5557"},"modified":"2016-05-03T11:41:21","modified_gmt":"2016-05-03T11:41:21","slug":"el-programa-tenderete-de-tve-se-grabara-el-13-de-junio-desde-la-plaza-de-haria","status":"publish","type":"post","link":"https:\/\/www.ayuntamientodeharia.com\/haria\/el-programa-tenderete-de-tve-se-grabara-el-13-de-junio-desde-la-plaza-de-haria\/","title":{"rendered":"El programa \u2018Tenderete\u2019 de TVE se grabar\u00e1 el 13 de junio desde la Plaza de Har\u00eda"},"content":{"rendered":"<p><a href=\"http:\/\/www.ayuntamientodeharia.com\/haria\/wp-content\/uploads\/2016\/05\/puesta-del-mantel.jpg\"><img decoding=\"async\" class=\"alignleft  wp-image-5517\" src=\"http:\/\/www.ayuntamientodeharia.com\/haria\/wp-content\/uploads\/2016\/05\/puesta-del-mantel-300x209.jpg\" alt=\"puesta del mantel\" width=\"236\" height=\"167\" \/><\/a>El Ayuntamiento de Har\u00eda ha llegado a un acuerdo con TVE en Canarias para grabar el programa de folclore \u2018Tenderte\u2019, el viernes, 13 de junio, a las 20:30 horas, en la Plaza de Har\u00eda.<\/p>\n<p>&nbsp;<\/p>\n<p>El Consistorio norte\u00f1o sigue apostando por este tipo de eventos culturales que contribuyen a promocionar y difundir nuestro patrimonio musical, poniendo en valor, una vez m\u00e1s, la riqueza y variedad del acerbo cultural canario.<\/p>\n<p><!--more--><\/p>\n<p>&nbsp;<\/p>\n<p>Desde que se retransmiti\u00f3 el primer programa de \u2018Tenderete\u2019, en 1971, se convirti\u00f3 en un fen\u00f3meno sociocultural sin precedentes en Canarias, favoreciendo la unidad del Archipi\u00e9lago en torno al folclore, la m\u00fasica y la cultura popular.<\/p>\n<p>&nbsp;<\/p>\n<p>Despu\u00e9s de 43 a\u00f1os de emisi\u00f3n, \u2018Tenderete\u2019 sigue siendo un referente en la difusi\u00f3n de la cultura canaria, no solamente en nuestras Islas, sino tambi\u00e9n en muchos pa\u00edses de Sudam\u00e9rica, donde es seguido por numerosas personas.<\/p>\n<p>&nbsp;<\/p>\n<p>Los vecinos que lo deseen pueden asistir a la grabaci\u00f3n del programa, el viernes, 13 de junio, ya que el acceso al mismo ser\u00e1 libre.<\/p>\n","protected":false},"excerpt":{"rendered":"<p>El Ayuntamiento de Har\u00eda ha llegado a un acuerdo con TVE en Canarias para grabar el programa de folclore \u2018Tenderte\u2019, el viernes, 13 de junio, a las 20:30 horas, en la Plaza de Har\u00eda. &nbsp; El Consistorio norte\u00f1o sigue apostando por este tipo de eventos culturales que contribuyen a promocionar y difundir nuestro patrimonio musical, [&hellip;]<\/p>\n","protected":false},"author":2,"featured_media":0,"comment_status":"closed","ping_status":"closed","sticky":false,"template":"","format":"standard","meta":{"footnotes":""},"categories":[15,11],"tags":[],"class_list":["post-5557","post","type-post","status-publish","format-standard","hentry","category-festejos","category-hoja-de-haria"],"_links":{"self":[{"href":"https:\/\/www.ayuntamientodeharia.com\/haria\/wp-json\/wp\/v2\/posts\/5557","targetHints":{"allow":["GET"]}}],"collection":[{"href":"https:\/\/www.ayuntamientodeharia.com\/haria\/wp-json\/wp\/v2\/posts"}],"about":[{"href":"https:\/\/www.ayuntamientodeharia.com\/haria\/wp-json\/wp\/v2\/types\/post"}],"author":[{"embeddable":true,"href":"https:\/\/www.ayuntamientodeharia.com\/haria\/wp-json\/wp\/v2\/users\/2"}],"replies":[{"embeddable":true,"href":"https:\/\/www.ayuntamientodeharia.com\/haria\/wp-json\/wp\/v2\/comments?post=5557"}],"version-history":[{"count":0,"href":"https:\/\/www.ayuntamientodeharia.com\/haria\/wp-json\/wp\/v2\/posts\/5557\/revisions"}],"wp:attachment":[{"href":"https:\/\/www.ayuntamientodeharia.com\/haria\/wp-json\/wp\/v2\/media?parent=5557"}],"wp:term":[{"taxonomy":"category","embeddable":true,"href":"https:\/\/www.ayuntamientodeharia.com\/haria\/wp-json\/wp\/v2\/categories?post=5557"},{"taxonomy":"post_tag","embeddable":true,"href":"https:\/\/www.ayuntamientodeharia.com\/haria\/wp-json\/wp\/v2\/tags?post=5557"}],"curies":[{"name":"wp","href":"https:\/\/api.w.org\/{rel}","templated":true}]}}