{"id":5549,"date":"2016-05-03T11:33:51","date_gmt":"2016-05-03T11:33:51","guid":{"rendered":"http:\/\/www.ayuntamientodeharia.com\/haria\/?p=5549"},"modified":"2016-05-03T11:33:51","modified_gmt":"2016-05-03T11:33:51","slug":"actos-del-dia-de-canarias-30-de-mayo-plaza-de-haria","status":"publish","type":"post","link":"https:\/\/www.ayuntamientodeharia.com\/haria\/actos-del-dia-de-canarias-30-de-mayo-plaza-de-haria\/","title":{"rendered":"Actos del D\u00eda de Canarias &#8211; 30 de mayo. Plaza de Har\u00eda"},"content":{"rendered":"<p><strong>Jueves, 29 de mayo 21:00 h. \u2018Timplemente\u2019<\/strong><\/p>\n<p>&nbsp;<\/p>\n<p>Propuesta musical ideada por el timplista conejero Gabriel Garc\u00eda, con la que ha conseguido reunir a los grandes virtuosos del timple, entre los que destacan To\u00f1\u00edn Corujo y Domingo Rodr\u00edguez \u2018El Colorao\u2019.<\/p>\n<p><!--more--><\/p>\n<p>&nbsp;<\/p>\n<p>&nbsp;<\/p>\n<p>Los timplistas estar\u00e1n acompa\u00f1ados por las voces de Jos\u00e9 Manuel Ramos y Alba P\u00e9rez, as\u00ed como por la agrupaci\u00f3n Timbayba, quienes realizar\u00e1n los coros de varias canciones. Por otro lado, varias parejas de baile folcl\u00f3rico y danza contempor\u00e1nea aportar\u00e1n un toque de color y dinamismo al espect\u00e1culo.<\/p>\n<p>&nbsp;<\/p>\n<p><strong>Viernes, 30 de mayo: D\u00eda de Canarias 21:00 h. \u2018Puesta del Mantel&#8217; <\/strong><\/p>\n<p>&nbsp;<\/p>\n<p>Encuentro festivo con los vecinos del municipio. Las personas que lo deseen pueden reservar su mesa, llevar su comida y asistir ataviados con la vestimenta tradicional para disfrutar de una noche canaria diferente amenizada por las parrandas Los Gurfines son los del Puerto y Chimia. La mesa mejor decorada con motivos canarios recibir\u00e1 un premio de 150 euros.<\/p>\n<p>&nbsp;<\/p>\n<p>Las personas que deseen asistir al acto deber\u00e1n ponerse en contacto con el Departamento de Cultura y reservar mesa antes del 28 de mayo. Para ello deben llamar a los tel\u00e9fonos 928 835 009 y 928 835 300, de lunes a viernes, en horario de 8:00 a 15:00 horas.<\/p>\n<p>&nbsp;<\/p>\n<p><strong>S\u00e1bado, 31 de mayo 12:00 h.: \u2018Festival de M\u00fasicas del Mundo de Har\u00eda\u2019 coincidiendo con el Mercado Artesanal.<\/strong><\/p>\n<p>&nbsp;<\/p>\n<p>Este evento nace con la intenci\u00f3n de convertirse en un lugar de encuentro y, a la vez, de difusi\u00f3n de la m\u00fasica realizada por bandas que definen su trayectoria a trav\u00e9s de la b\u00fasqueda y fusi\u00f3n de los sonidos m\u00e1s aut\u00e9nticos, aportando as\u00ed a sus composiciones una riqueza musical y cultural interesante.<\/p>\n<p>&nbsp;<\/p>\n<p>Para inaugurar este primer festival se ha invitado a tres bandas destacadas que llenar\u00e1n la Plaza de Har\u00eda de ritmos africanos, caribe\u00f1os y canarios. Se trata de Naya Band, formada por m\u00fasicos senegaleses, canarios, cubanos y argentinos, quienes aportan la multiculturalidad y el mestizaje musical a sus creaciones; Skyband, una banda que nace y se proyecta a trav\u00e9s de los ritmos cubanos; y Rasta Glover, dirigida por el cantante jamaicano-ghan\u00e9s, Farah Glover.<\/p>\n","protected":false},"excerpt":{"rendered":"<p>Jueves, 29 de mayo 21:00 h. \u2018Timplemente\u2019 &nbsp; Propuesta musical ideada por el timplista conejero Gabriel Garc\u00eda, con la que ha conseguido reunir a los grandes virtuosos del timple, entre los que destacan To\u00f1\u00edn Corujo y Domingo Rodr\u00edguez \u2018El Colorao\u2019.<\/p>\n","protected":false},"author":2,"featured_media":0,"comment_status":"closed","ping_status":"closed","sticky":false,"template":"","format":"standard","meta":{"footnotes":""},"categories":[15,11],"tags":[],"class_list":["post-5549","post","type-post","status-publish","format-standard","hentry","category-festejos","category-hoja-de-haria"],"_links":{"self":[{"href":"https:\/\/www.ayuntamientodeharia.com\/haria\/wp-json\/wp\/v2\/posts\/5549","targetHints":{"allow":["GET"]}}],"collection":[{"href":"https:\/\/www.ayuntamientodeharia.com\/haria\/wp-json\/wp\/v2\/posts"}],"about":[{"href":"https:\/\/www.ayuntamientodeharia.com\/haria\/wp-json\/wp\/v2\/types\/post"}],"author":[{"embeddable":true,"href":"https:\/\/www.ayuntamientodeharia.com\/haria\/wp-json\/wp\/v2\/users\/2"}],"replies":[{"embeddable":true,"href":"https:\/\/www.ayuntamientodeharia.com\/haria\/wp-json\/wp\/v2\/comments?post=5549"}],"version-history":[{"count":0,"href":"https:\/\/www.ayuntamientodeharia.com\/haria\/wp-json\/wp\/v2\/posts\/5549\/revisions"}],"wp:attachment":[{"href":"https:\/\/www.ayuntamientodeharia.com\/haria\/wp-json\/wp\/v2\/media?parent=5549"}],"wp:term":[{"taxonomy":"category","embeddable":true,"href":"https:\/\/www.ayuntamientodeharia.com\/haria\/wp-json\/wp\/v2\/categories?post=5549"},{"taxonomy":"post_tag","embeddable":true,"href":"https:\/\/www.ayuntamientodeharia.com\/haria\/wp-json\/wp\/v2\/tags?post=5549"}],"curies":[{"name":"wp","href":"https:\/\/api.w.org\/{rel}","templated":true}]}}