{"id":5546,"date":"2016-05-03T11:17:17","date_gmt":"2016-05-03T11:17:17","guid":{"rendered":"http:\/\/www.ayuntamientodeharia.com\/haria\/?p=5546"},"modified":"2016-05-03T11:17:17","modified_gmt":"2016-05-03T11:17:17","slug":"haria-celebra-el-dia-de-la-seguridad-vial-europea-con-los-mas-pequenos","status":"publish","type":"post","link":"https:\/\/www.ayuntamientodeharia.com\/haria\/haria-celebra-el-dia-de-la-seguridad-vial-europea-con-los-mas-pequenos\/","title":{"rendered":"Har\u00eda celebra el D\u00eda de la Seguridad Vial Europea con los m\u00e1s peque\u00f1os"},"content":{"rendered":"<p><a href=\"http:\/\/www.ayuntamientodeharia.com\/haria\/wp-content\/uploads\/2016\/05\/Seguridad-vial.jpg\"><img decoding=\"async\" class=\"alignleft  wp-image-5503\" src=\"http:\/\/www.ayuntamientodeharia.com\/haria\/wp-content\/uploads\/2016\/05\/Seguridad-vial-300x150.jpg\" alt=\"Seguridad vial\" width=\"299\" height=\"155\" \/><\/a>La concejala de Seguridad y Emergencias, Soraya Brito, junto a varios agentes de la Polic\u00eda Loca,l se trasladaron el mi\u00e9rcoles, 27 de abril, a la Escuela Municipal de Educaci\u00f3n de Har\u00eda para celebrar el D\u00eda de la Seguridad Vial Europea.<\/p>\n<p>&nbsp;<\/p>\n<p>En un ambiente familiar y distendido, los ni\u00f1os, acompa\u00f1ados de sus cuidadoras, conocieron las normas b\u00e1sicas de seguridad vial, as\u00ed como el significado de las se\u00f1ales m\u00e1s habituales, y disfrutaron subiendo a los veh\u00edculos que los agentes utilizan diariamente en el desempe\u00f1o de su trabajo.<\/p>\n<p><!--more--><\/p>\n<p>&nbsp;<\/p>\n<p>\u201cEsta actividad forma parte de la labor preventiva y educativa que realiza la Polic\u00eda Local para concienciar a la poblaci\u00f3n y, en este caso, a los m\u00e1s peque\u00f1os, de la importancia de conocer y respetar las normas de seguridad vial como regla b\u00e1sica de convivencia\u201d, explica la concejala Soraya Brito<\/p>\n","protected":false},"excerpt":{"rendered":"<p>La concejala de Seguridad y Emergencias, Soraya Brito, junto a varios agentes de la Polic\u00eda Loca,l se trasladaron el mi\u00e9rcoles, 27 de abril, a la Escuela Municipal de Educaci\u00f3n de Har\u00eda para celebrar el D\u00eda de la Seguridad Vial Europea. &nbsp; En un ambiente familiar y distendido, los ni\u00f1os, acompa\u00f1ados de sus cuidadoras, conocieron las [&hellip;]<\/p>\n","protected":false},"author":2,"featured_media":0,"comment_status":"closed","ping_status":"closed","sticky":false,"template":"","format":"standard","meta":{"footnotes":""},"categories":[11,84],"tags":[],"class_list":["post-5546","post","type-post","status-publish","format-standard","hentry","category-hoja-de-haria","category-seguridad-y-emergencias"],"_links":{"self":[{"href":"https:\/\/www.ayuntamientodeharia.com\/haria\/wp-json\/wp\/v2\/posts\/5546","targetHints":{"allow":["GET"]}}],"collection":[{"href":"https:\/\/www.ayuntamientodeharia.com\/haria\/wp-json\/wp\/v2\/posts"}],"about":[{"href":"https:\/\/www.ayuntamientodeharia.com\/haria\/wp-json\/wp\/v2\/types\/post"}],"author":[{"embeddable":true,"href":"https:\/\/www.ayuntamientodeharia.com\/haria\/wp-json\/wp\/v2\/users\/2"}],"replies":[{"embeddable":true,"href":"https:\/\/www.ayuntamientodeharia.com\/haria\/wp-json\/wp\/v2\/comments?post=5546"}],"version-history":[{"count":0,"href":"https:\/\/www.ayuntamientodeharia.com\/haria\/wp-json\/wp\/v2\/posts\/5546\/revisions"}],"wp:attachment":[{"href":"https:\/\/www.ayuntamientodeharia.com\/haria\/wp-json\/wp\/v2\/media?parent=5546"}],"wp:term":[{"taxonomy":"category","embeddable":true,"href":"https:\/\/www.ayuntamientodeharia.com\/haria\/wp-json\/wp\/v2\/categories?post=5546"},{"taxonomy":"post_tag","embeddable":true,"href":"https:\/\/www.ayuntamientodeharia.com\/haria\/wp-json\/wp\/v2\/tags?post=5546"}],"curies":[{"name":"wp","href":"https:\/\/api.w.org\/{rel}","templated":true}]}}