{"id":5544,"date":"2016-05-03T11:16:49","date_gmt":"2016-05-03T11:16:49","guid":{"rendered":"http:\/\/www.ayuntamientodeharia.com\/haria\/?p=5544"},"modified":"2016-05-03T11:16:49","modified_gmt":"2016-05-03T11:16:49","slug":"taller-de-tenido-con-cochinilla-y-otros-tintes-naturales-de-lanzarote","status":"publish","type":"post","link":"https:\/\/www.ayuntamientodeharia.com\/haria\/taller-de-tenido-con-cochinilla-y-otros-tintes-naturales-de-lanzarote\/","title":{"rendered":"Taller de te\u00f1ido con cochinilla y otros tintes naturales de Lanzarote"},"content":{"rendered":"<p>La Asociaci\u00f3n Milana, en colaboraci\u00f3n con el Restaurante de la Sociedad Renacimiento de Mala, organiza un Taller de te\u00f1ido con cochinilla y otros tintes naturales de Lanzarote, que tendr\u00e1 lugar el viernes, 6 de junio, a las 17:00 horas, en la sede de la Asociaci\u00f3n.<\/p>\n<p><!--more--><\/p>\n<p>El taller ser\u00e1 impartido por el bi\u00f3logo Juan Cazorla Godoy y la monitora Susana L\u00f3pez Pulido.<\/p>\n<p>&nbsp;<\/p>\n<p>El precio es de 15 euros por persona e incluye un pa\u00f1uelo de seda de 45&#215;45 cm. Las plazas est\u00e1n limitadas a 15 personas. M\u00e1s informaci\u00f3n e inscripciones en asocmilana@gmail.com y en el tel\u00e9fono 928 529 328.<\/p>\n","protected":false},"excerpt":{"rendered":"<p>La Asociaci\u00f3n Milana, en colaboraci\u00f3n con el Restaurante de la Sociedad Renacimiento de Mala, organiza un Taller de te\u00f1ido con cochinilla y otros tintes naturales de Lanzarote, que tendr\u00e1 lugar el viernes, 6 de junio, a las 17:00 horas, en la sede de la Asociaci\u00f3n.<\/p>\n","protected":false},"author":2,"featured_media":0,"comment_status":"closed","ping_status":"closed","sticky":false,"template":"","format":"standard","meta":{"footnotes":""},"categories":[19,11],"tags":[],"class_list":["post-5544","post","type-post","status-publish","format-standard","hentry","category-formacion","category-hoja-de-haria"],"_links":{"self":[{"href":"https:\/\/www.ayuntamientodeharia.com\/haria\/wp-json\/wp\/v2\/posts\/5544","targetHints":{"allow":["GET"]}}],"collection":[{"href":"https:\/\/www.ayuntamientodeharia.com\/haria\/wp-json\/wp\/v2\/posts"}],"about":[{"href":"https:\/\/www.ayuntamientodeharia.com\/haria\/wp-json\/wp\/v2\/types\/post"}],"author":[{"embeddable":true,"href":"https:\/\/www.ayuntamientodeharia.com\/haria\/wp-json\/wp\/v2\/users\/2"}],"replies":[{"embeddable":true,"href":"https:\/\/www.ayuntamientodeharia.com\/haria\/wp-json\/wp\/v2\/comments?post=5544"}],"version-history":[{"count":0,"href":"https:\/\/www.ayuntamientodeharia.com\/haria\/wp-json\/wp\/v2\/posts\/5544\/revisions"}],"wp:attachment":[{"href":"https:\/\/www.ayuntamientodeharia.com\/haria\/wp-json\/wp\/v2\/media?parent=5544"}],"wp:term":[{"taxonomy":"category","embeddable":true,"href":"https:\/\/www.ayuntamientodeharia.com\/haria\/wp-json\/wp\/v2\/categories?post=5544"},{"taxonomy":"post_tag","embeddable":true,"href":"https:\/\/www.ayuntamientodeharia.com\/haria\/wp-json\/wp\/v2\/tags?post=5544"}],"curies":[{"name":"wp","href":"https:\/\/api.w.org\/{rel}","templated":true}]}}