{"id":5540,"date":"2016-05-03T11:15:43","date_gmt":"2016-05-03T11:15:43","guid":{"rendered":"http:\/\/www.ayuntamientodeharia.com\/haria\/?p=5540"},"modified":"2016-05-03T11:15:43","modified_gmt":"2016-05-03T11:15:43","slug":"curso-de-iniciacion-al-timple-en-radio-ecca","status":"publish","type":"post","link":"https:\/\/www.ayuntamientodeharia.com\/haria\/curso-de-iniciacion-al-timple-en-radio-ecca\/","title":{"rendered":"Curso de \u2018Iniciaci\u00f3n al timple\u2019 en Radio ECCA"},"content":{"rendered":"<p>Con motivo de la celebraci\u00f3n del D\u00eda de Canarias, el 30 de mayo, Radio ECCA pone en marcha una interesante iniciativa formativa consistente en la realizaci\u00f3n de un curso de \u2018Iniciaci\u00f3n al timple\u2019. La matr\u00edcula, que tiene un coste de 5 euros, debe tramitarse antes del 5 de junio. Al finalizar las clases, los alumnos inscritos recibir\u00e1n un certificado de aprovechamiento de las mismas de 30 horas de duraci\u00f3n, as\u00ed como un CD con las canciones de los grupos m\u00e1s representativos del folclore canario.<\/p>\n<p><!--more--><\/p>\n<p>Las personas interesadas en obtener m\u00e1s informaci\u00f3n o matricularse en el curso pueden pasar por el centro de la zona norte, ubicado en el CEIP La Garita de Arrieta, los lunes, de 19:30 a 20:30 horas, o llamar al tel\u00e9fono 928 813 097, de lunes a viernes, en horario de 8:30 a 13:30 horas y de 17:00 a 19:30 horas.<\/p>\n","protected":false},"excerpt":{"rendered":"<p>Con motivo de la celebraci\u00f3n del D\u00eda de Canarias, el 30 de mayo, Radio ECCA pone en marcha una interesante iniciativa formativa consistente en la realizaci\u00f3n de un curso de \u2018Iniciaci\u00f3n al timple\u2019. La matr\u00edcula, que tiene un coste de 5 euros, debe tramitarse antes del 5 de junio. Al finalizar las clases, los alumnos [&hellip;]<\/p>\n","protected":false},"author":2,"featured_media":0,"comment_status":"closed","ping_status":"closed","sticky":false,"template":"","format":"standard","meta":{"footnotes":""},"categories":[19,11],"tags":[],"class_list":["post-5540","post","type-post","status-publish","format-standard","hentry","category-formacion","category-hoja-de-haria"],"_links":{"self":[{"href":"https:\/\/www.ayuntamientodeharia.com\/haria\/wp-json\/wp\/v2\/posts\/5540","targetHints":{"allow":["GET"]}}],"collection":[{"href":"https:\/\/www.ayuntamientodeharia.com\/haria\/wp-json\/wp\/v2\/posts"}],"about":[{"href":"https:\/\/www.ayuntamientodeharia.com\/haria\/wp-json\/wp\/v2\/types\/post"}],"author":[{"embeddable":true,"href":"https:\/\/www.ayuntamientodeharia.com\/haria\/wp-json\/wp\/v2\/users\/2"}],"replies":[{"embeddable":true,"href":"https:\/\/www.ayuntamientodeharia.com\/haria\/wp-json\/wp\/v2\/comments?post=5540"}],"version-history":[{"count":0,"href":"https:\/\/www.ayuntamientodeharia.com\/haria\/wp-json\/wp\/v2\/posts\/5540\/revisions"}],"wp:attachment":[{"href":"https:\/\/www.ayuntamientodeharia.com\/haria\/wp-json\/wp\/v2\/media?parent=5540"}],"wp:term":[{"taxonomy":"category","embeddable":true,"href":"https:\/\/www.ayuntamientodeharia.com\/haria\/wp-json\/wp\/v2\/categories?post=5540"},{"taxonomy":"post_tag","embeddable":true,"href":"https:\/\/www.ayuntamientodeharia.com\/haria\/wp-json\/wp\/v2\/tags?post=5540"}],"curies":[{"name":"wp","href":"https:\/\/api.w.org\/{rel}","templated":true}]}}