{"id":5534,"date":"2016-05-03T11:14:04","date_gmt":"2016-05-03T11:14:04","guid":{"rendered":"http:\/\/www.ayuntamientodeharia.com\/haria\/?p=5534"},"modified":"2016-05-03T11:14:04","modified_gmt":"2016-05-03T11:14:04","slug":"reunion-para-organizar-el-playback-infantil-de-la-fiestas-de-san-pedro","status":"publish","type":"post","link":"https:\/\/www.ayuntamientodeharia.com\/haria\/reunion-para-organizar-el-playback-infantil-de-la-fiestas-de-san-pedro\/","title":{"rendered":"Reuni\u00f3n para organizar el playback infantil de la Fiestas de San Pedro"},"content":{"rendered":"<p>El Centro Democr\u00e1tico de M\u00e1guez comunica a los padres de los ni- \u00f1os del municipio, en especial a los del pueblo de M\u00e1guez, que deseen participar en el playback infantil de las Fiestas de San Pedro, que se celebrar\u00e1 una reuni\u00f3n el domingo, 1 de junio, a las 18:00 horas, en los salones del Centro.<\/p>\n","protected":false},"excerpt":{"rendered":"<p>El Centro Democr\u00e1tico de M\u00e1guez comunica a los padres de los ni- \u00f1os del municipio, en especial a los del pueblo de M\u00e1guez, que deseen participar en el playback infantil de las Fiestas de San Pedro, que se celebrar\u00e1 una reuni\u00f3n el domingo, 1 de junio, a las 18:00 horas, en los salones del Centro.<\/p>\n","protected":false},"author":2,"featured_media":0,"comment_status":"closed","ping_status":"closed","sticky":false,"template":"","format":"standard","meta":{"footnotes":""},"categories":[15,11],"tags":[],"class_list":["post-5534","post","type-post","status-publish","format-standard","hentry","category-festejos","category-hoja-de-haria"],"_links":{"self":[{"href":"https:\/\/www.ayuntamientodeharia.com\/haria\/wp-json\/wp\/v2\/posts\/5534","targetHints":{"allow":["GET"]}}],"collection":[{"href":"https:\/\/www.ayuntamientodeharia.com\/haria\/wp-json\/wp\/v2\/posts"}],"about":[{"href":"https:\/\/www.ayuntamientodeharia.com\/haria\/wp-json\/wp\/v2\/types\/post"}],"author":[{"embeddable":true,"href":"https:\/\/www.ayuntamientodeharia.com\/haria\/wp-json\/wp\/v2\/users\/2"}],"replies":[{"embeddable":true,"href":"https:\/\/www.ayuntamientodeharia.com\/haria\/wp-json\/wp\/v2\/comments?post=5534"}],"version-history":[{"count":0,"href":"https:\/\/www.ayuntamientodeharia.com\/haria\/wp-json\/wp\/v2\/posts\/5534\/revisions"}],"wp:attachment":[{"href":"https:\/\/www.ayuntamientodeharia.com\/haria\/wp-json\/wp\/v2\/media?parent=5534"}],"wp:term":[{"taxonomy":"category","embeddable":true,"href":"https:\/\/www.ayuntamientodeharia.com\/haria\/wp-json\/wp\/v2\/categories?post=5534"},{"taxonomy":"post_tag","embeddable":true,"href":"https:\/\/www.ayuntamientodeharia.com\/haria\/wp-json\/wp\/v2\/tags?post=5534"}],"curies":[{"name":"wp","href":"https:\/\/api.w.org\/{rel}","templated":true}]}}