{"id":5524,"date":"2016-05-03T11:06:54","date_gmt":"2016-05-03T11:06:54","guid":{"rendered":"http:\/\/www.ayuntamientodeharia.com\/haria\/?p=5524"},"modified":"2016-05-03T11:06:54","modified_gmt":"2016-05-03T11:06:54","slug":"sara-niz-participa-con-la-seleccion-canaria-alevin-femenina-en-el-campeonato-nacional-de-selecciones-territoriales-de-futbol-8","status":"publish","type":"post","link":"https:\/\/www.ayuntamientodeharia.com\/haria\/sara-niz-participa-con-la-seleccion-canaria-alevin-femenina-en-el-campeonato-nacional-de-selecciones-territoriales-de-futbol-8\/","title":{"rendered":"Sara Niz participa con la selecci\u00f3n canaria alev\u00edn femenina en el \u2018Campeonato Nacional de Selecciones Territoriales de f\u00fatbol 8\u2019"},"content":{"rendered":"<p><a href=\"http:\/\/www.ayuntamientodeharia.com\/haria\/wp-content\/uploads\/2016\/05\/Sara-Niz.jpg\"><img fetchpriority=\"high\" decoding=\"async\" class=\"alignleft  wp-image-5502\" src=\"http:\/\/www.ayuntamientodeharia.com\/haria\/wp-content\/uploads\/2016\/05\/Sara-Niz-225x300.jpg\" alt=\"Sara Niz\" width=\"200\" height=\"263\" \/><\/a>Sara Niz Guti\u00e9rrez, portera de la categor\u00eda alev\u00edn del Har\u00eda Club de F\u00fatbol, realiz\u00f3 un extraordinario trabajo con la selecci\u00f3n canaria alev\u00edn femenina en el \u2018Campeonato Nacional de Selecciones Territoriales de f\u00fatbol 8 femenino\u2019 que se disput\u00f3 este fin de semana en la localidad almeriense de El Ejido, donde quedaron clasificadas en cuarto lugar.<\/p>\n<p>&nbsp;<\/p>\n<p>En el partido contra la selecci\u00f3n de Cantabria, Sara Niz realiz\u00f3 un magnifico encuentro al ser la protagonista de uno de los goles m\u00e1s comentados de la jornada. Tras realizar el rechace del esf\u00e9rico, lo golpe\u00f3 con tanta fuerza que logr\u00f3 colarlo en la porter\u00eda contraria, lo que le vali\u00f3 la ovaci\u00f3n de los asistentes.<\/p>\n<p><!--more--><\/p>\n<p>&nbsp;<\/p>\n<p>Tanto el alcalde como el Concejal de Deportes felicitan a Sara Niz Guti\u00e9rrez por el extraordinario trabajo que viene realizando y por los numerosos \u00e9xitos cosechados.<\/p>\n","protected":false},"excerpt":{"rendered":"<p>Sara Niz Guti\u00e9rrez, portera de la categor\u00eda alev\u00edn del Har\u00eda Club de F\u00fatbol, realiz\u00f3 un extraordinario trabajo con la selecci\u00f3n canaria alev\u00edn femenina en el \u2018Campeonato Nacional de Selecciones Territoriales de f\u00fatbol 8 femenino\u2019 que se disput\u00f3 este fin de semana en la localidad almeriense de El Ejido, donde quedaron clasificadas en cuarto lugar. &nbsp; [&hellip;]<\/p>\n","protected":false},"author":2,"featured_media":0,"comment_status":"closed","ping_status":"closed","sticky":false,"template":"","format":"standard","meta":{"footnotes":""},"categories":[17,11],"tags":[],"class_list":["post-5524","post","type-post","status-publish","format-standard","hentry","category-deportes","category-hoja-de-haria"],"_links":{"self":[{"href":"https:\/\/www.ayuntamientodeharia.com\/haria\/wp-json\/wp\/v2\/posts\/5524","targetHints":{"allow":["GET"]}}],"collection":[{"href":"https:\/\/www.ayuntamientodeharia.com\/haria\/wp-json\/wp\/v2\/posts"}],"about":[{"href":"https:\/\/www.ayuntamientodeharia.com\/haria\/wp-json\/wp\/v2\/types\/post"}],"author":[{"embeddable":true,"href":"https:\/\/www.ayuntamientodeharia.com\/haria\/wp-json\/wp\/v2\/users\/2"}],"replies":[{"embeddable":true,"href":"https:\/\/www.ayuntamientodeharia.com\/haria\/wp-json\/wp\/v2\/comments?post=5524"}],"version-history":[{"count":0,"href":"https:\/\/www.ayuntamientodeharia.com\/haria\/wp-json\/wp\/v2\/posts\/5524\/revisions"}],"wp:attachment":[{"href":"https:\/\/www.ayuntamientodeharia.com\/haria\/wp-json\/wp\/v2\/media?parent=5524"}],"wp:term":[{"taxonomy":"category","embeddable":true,"href":"https:\/\/www.ayuntamientodeharia.com\/haria\/wp-json\/wp\/v2\/categories?post=5524"},{"taxonomy":"post_tag","embeddable":true,"href":"https:\/\/www.ayuntamientodeharia.com\/haria\/wp-json\/wp\/v2\/tags?post=5524"}],"curies":[{"name":"wp","href":"https:\/\/api.w.org\/{rel}","templated":true}]}}