{"id":5510,"date":"2016-05-03T10:49:01","date_gmt":"2016-05-03T10:49:01","guid":{"rendered":"http:\/\/www.ayuntamientodeharia.com\/haria\/?p=5510"},"modified":"2016-05-03T10:49:01","modified_gmt":"2016-05-03T10:49:01","slug":"oferta-formativa-de-radio-ecca-para-el-mes-de-mayo-2","status":"publish","type":"post","link":"https:\/\/www.ayuntamientodeharia.com\/haria\/oferta-formativa-de-radio-ecca-para-el-mes-de-mayo-2\/","title":{"rendered":"Oferta formativa de Radio Ecca para el mes de mayo"},"content":{"rendered":"<p>Las personas interesadas en recibir m\u00e1s informaci\u00f3n sobre la amplia oferta formativa que ofrece Radio Ecca pueden pasarse por el centro de matr\u00edcula m\u00e1s cercano a la zona norte, ubicado en el CEIP C\u00e9- sar Manrique Cabrera de Tah\u00edche, donde ser\u00e1n atendidas los mi\u00e9rcoles, de 17:30 a 18:30 horas.<\/p>\n<p>&nbsp;<\/p>\n<p>Pueden, adem\u00e1s, solicitar informaci\u00f3n llamando a los tel\u00e9fonos 928 813 097 y 902 312 212, pertenecientes a la oficina de Radio Ecca en Arrecife, de lunes a viernes, en horario de 8:30 a 13:30 y de 17:00 a 19:30 horas.<\/p>\n<p><!--more--><\/p>\n<p><a href=\"http:\/\/www.ayuntamientodeharia.com\/haria\/wp-content\/uploads\/2016\/05\/Oferta-Formativa.jpg\"><img fetchpriority=\"high\" decoding=\"async\" class=\"alignleft wp-image-5511 size-full\" src=\"http:\/\/www.ayuntamientodeharia.com\/haria\/wp-content\/uploads\/2016\/05\/Oferta-Formativa.jpg\" alt=\"Oferta Formativa\" width=\"578\" height=\"435\" srcset=\"https:\/\/www.ayuntamientodeharia.com\/haria\/wp-content\/uploads\/2016\/05\/Oferta-Formativa.jpg 578w, https:\/\/www.ayuntamientodeharia.com\/haria\/wp-content\/uploads\/2016\/05\/Oferta-Formativa-300x225.jpg 300w\" sizes=\"(max-width: 578px) 100vw, 578px\" \/><\/a><\/p>\n","protected":false},"excerpt":{"rendered":"<p>Las personas interesadas en recibir m\u00e1s informaci\u00f3n sobre la amplia oferta formativa que ofrece Radio Ecca pueden pasarse por el centro de matr\u00edcula m\u00e1s cercano a la zona norte, ubicado en el CEIP C\u00e9- sar Manrique Cabrera de Tah\u00edche, donde ser\u00e1n atendidas los mi\u00e9rcoles, de 17:30 a 18:30 horas. &nbsp; Pueden, adem\u00e1s, solicitar informaci\u00f3n llamando [&hellip;]<\/p>\n","protected":false},"author":2,"featured_media":0,"comment_status":"closed","ping_status":"closed","sticky":false,"template":"","format":"standard","meta":{"footnotes":""},"categories":[19,11],"tags":[],"class_list":["post-5510","post","type-post","status-publish","format-standard","hentry","category-formacion","category-hoja-de-haria"],"_links":{"self":[{"href":"https:\/\/www.ayuntamientodeharia.com\/haria\/wp-json\/wp\/v2\/posts\/5510","targetHints":{"allow":["GET"]}}],"collection":[{"href":"https:\/\/www.ayuntamientodeharia.com\/haria\/wp-json\/wp\/v2\/posts"}],"about":[{"href":"https:\/\/www.ayuntamientodeharia.com\/haria\/wp-json\/wp\/v2\/types\/post"}],"author":[{"embeddable":true,"href":"https:\/\/www.ayuntamientodeharia.com\/haria\/wp-json\/wp\/v2\/users\/2"}],"replies":[{"embeddable":true,"href":"https:\/\/www.ayuntamientodeharia.com\/haria\/wp-json\/wp\/v2\/comments?post=5510"}],"version-history":[{"count":0,"href":"https:\/\/www.ayuntamientodeharia.com\/haria\/wp-json\/wp\/v2\/posts\/5510\/revisions"}],"wp:attachment":[{"href":"https:\/\/www.ayuntamientodeharia.com\/haria\/wp-json\/wp\/v2\/media?parent=5510"}],"wp:term":[{"taxonomy":"category","embeddable":true,"href":"https:\/\/www.ayuntamientodeharia.com\/haria\/wp-json\/wp\/v2\/categories?post=5510"},{"taxonomy":"post_tag","embeddable":true,"href":"https:\/\/www.ayuntamientodeharia.com\/haria\/wp-json\/wp\/v2\/tags?post=5510"}],"curies":[{"name":"wp","href":"https:\/\/api.w.org\/{rel}","templated":true}]}}