{"id":5376,"date":"2016-04-27T07:39:00","date_gmt":"2016-04-27T07:39:00","guid":{"rendered":"http:\/\/www.ayuntamientodeharia.com\/haria\/?p=5376"},"modified":"2016-04-27T07:39:00","modified_gmt":"2016-04-27T07:39:00","slug":"el-programa-tenderete-grabado-en-haria-se-emitira-el-6-de-julio-en-la-1-de-tve","status":"publish","type":"post","link":"https:\/\/www.ayuntamientodeharia.com\/haria\/el-programa-tenderete-grabado-en-haria-se-emitira-el-6-de-julio-en-la-1-de-tve\/","title":{"rendered":"El programa \u2018Tenderete\u2019 grabado en Har\u00eda se emitir\u00e1 el 6 de julio en La 1 de TVE"},"content":{"rendered":"<p><a href=\"http:\/\/www.ayuntamientodeharia.com\/haria\/wp-content\/uploads\/2016\/04\/tenderete.jpg\"><img decoding=\"async\" class=\"alignleft  wp-image-5348\" src=\"http:\/\/www.ayuntamientodeharia.com\/haria\/wp-content\/uploads\/2016\/04\/tenderete-300x169.jpg\" alt=\"tenderete\" width=\"243\" height=\"141\" \/><\/a>El pr\u00f3ximo domingo, 6 de julio, a las 18:30 horas, se retransmitir\u00e1 por La 1 de TVE en Canarias el programa de \u2018Tenderete\u2019 grabado el 13 de junio en la Plaza de Har\u00eda, mientras que el Canal Internacional lo emitir\u00e1 el s\u00e1bado, 5 de julio, en su horario habitual Durante el transcurso de la emisi\u00f3n podremos disfrutar con la actuaci\u00f3n de la Agrupaci\u00f3n Folcl\u00f3rica Malpa\u00eds de la Corona de Har\u00eda y la parranda La Pichona de Mozaga.<\/p>\n","protected":false},"excerpt":{"rendered":"<p>El pr\u00f3ximo domingo, 6 de julio, a las 18:30 horas, se retransmitir\u00e1 por La 1 de TVE en Canarias el programa de \u2018Tenderete\u2019 grabado el 13 de junio en la Plaza de Har\u00eda, mientras que el Canal Internacional lo emitir\u00e1 el s\u00e1bado, 5 de julio, en su horario habitual Durante el transcurso de la emisi\u00f3n [&hellip;]<\/p>\n","protected":false},"author":2,"featured_media":0,"comment_status":"closed","ping_status":"closed","sticky":false,"template":"","format":"standard","meta":{"footnotes":""},"categories":[16,11],"tags":[],"class_list":["post-5376","post","type-post","status-publish","format-standard","hentry","category-cultura","category-hoja-de-haria"],"_links":{"self":[{"href":"https:\/\/www.ayuntamientodeharia.com\/haria\/wp-json\/wp\/v2\/posts\/5376","targetHints":{"allow":["GET"]}}],"collection":[{"href":"https:\/\/www.ayuntamientodeharia.com\/haria\/wp-json\/wp\/v2\/posts"}],"about":[{"href":"https:\/\/www.ayuntamientodeharia.com\/haria\/wp-json\/wp\/v2\/types\/post"}],"author":[{"embeddable":true,"href":"https:\/\/www.ayuntamientodeharia.com\/haria\/wp-json\/wp\/v2\/users\/2"}],"replies":[{"embeddable":true,"href":"https:\/\/www.ayuntamientodeharia.com\/haria\/wp-json\/wp\/v2\/comments?post=5376"}],"version-history":[{"count":0,"href":"https:\/\/www.ayuntamientodeharia.com\/haria\/wp-json\/wp\/v2\/posts\/5376\/revisions"}],"wp:attachment":[{"href":"https:\/\/www.ayuntamientodeharia.com\/haria\/wp-json\/wp\/v2\/media?parent=5376"}],"wp:term":[{"taxonomy":"category","embeddable":true,"href":"https:\/\/www.ayuntamientodeharia.com\/haria\/wp-json\/wp\/v2\/categories?post=5376"},{"taxonomy":"post_tag","embeddable":true,"href":"https:\/\/www.ayuntamientodeharia.com\/haria\/wp-json\/wp\/v2\/tags?post=5376"}],"curies":[{"name":"wp","href":"https:\/\/api.w.org\/{rel}","templated":true}]}}