{"id":5371,"date":"2016-04-27T07:33:38","date_gmt":"2016-04-27T07:33:38","guid":{"rendered":"http:\/\/www.ayuntamientodeharia.com\/haria\/?p=5371"},"modified":"2016-04-27T07:34:37","modified_gmt":"2016-04-27T07:34:37","slug":"inauguracion-de-la-muestra-fotografica-sobre-telesforo-bravo","status":"publish","type":"post","link":"https:\/\/www.ayuntamientodeharia.com\/haria\/inauguracion-de-la-muestra-fotografica-sobre-telesforo-bravo\/","title":{"rendered":"Inauguraci\u00f3n de la muestra fotogr\u00e1fica sobre Telesforo Bravo"},"content":{"rendered":"<p><a href=\"http:\/\/www.ayuntamientodeharia.com\/haria\/wp-content\/uploads\/2016\/04\/telesforo-bravo.jpg\"><img decoding=\"async\" class=\"alignleft  wp-image-5347\" src=\"http:\/\/www.ayuntamientodeharia.com\/haria\/wp-content\/uploads\/2016\/04\/telesforo-bravo-300x212.jpg\" alt=\"telesforo bravo\" width=\"211\" height=\"152\" \/><\/a>La Sala El Aljibe de Har\u00eda acoge este s\u00e1bado, 5 de julio, a las 12:30 horas, la inauguraci\u00f3n de una exposici\u00f3n fotogr\u00e1fica a cargo de Jaime Coello Bravo en la que se recogen 40 im\u00e1genes dedicadas fundamentalmente a la figura del naturalista y ge\u00f3logo canario Telesforo Bravo durante su estancia en Lanzarote, el Archipi\u00e9lago Chinijo y las Islas Salvajes.<\/p>\n<p><!--more--><\/p>\n<p>Jaime Coello Bravo, nieto y bi\u00f3grafo del cient\u00edfico, inaugura la muestra \u2018Historia de una pasi\u00f3n en im\u00e1genes y dibujos\u2019, que ha recorrido varias islas de Archipi\u00e9lago, con una charla sobre los estudios y descubrimientos realizados por Telesforo Bravo, al cumplirse el centenario de su nacimiento.<\/p>\n<p>&nbsp;<\/p>\n<p>La muestra fotogr\u00e1fica permanecer\u00e1 abierta al p\u00fablico hasta el 2 de agosto y podr\u00e1 visitarse de lunes a s\u00e1bado, de 10:00 a 14:00 horas.<\/p>\n","protected":false},"excerpt":{"rendered":"<p>La Sala El Aljibe de Har\u00eda acoge este s\u00e1bado, 5 de julio, a las 12:30 horas, la inauguraci\u00f3n de una exposici\u00f3n fotogr\u00e1fica a cargo de Jaime Coello Bravo en la que se recogen 40 im\u00e1genes dedicadas fundamentalmente a la figura del naturalista y ge\u00f3logo canario Telesforo Bravo durante su estancia en Lanzarote, el Archipi\u00e9lago Chinijo [&hellip;]<\/p>\n","protected":false},"author":2,"featured_media":0,"comment_status":"closed","ping_status":"closed","sticky":false,"template":"","format":"standard","meta":{"footnotes":""},"categories":[16,11],"tags":[],"class_list":["post-5371","post","type-post","status-publish","format-standard","hentry","category-cultura","category-hoja-de-haria"],"_links":{"self":[{"href":"https:\/\/www.ayuntamientodeharia.com\/haria\/wp-json\/wp\/v2\/posts\/5371","targetHints":{"allow":["GET"]}}],"collection":[{"href":"https:\/\/www.ayuntamientodeharia.com\/haria\/wp-json\/wp\/v2\/posts"}],"about":[{"href":"https:\/\/www.ayuntamientodeharia.com\/haria\/wp-json\/wp\/v2\/types\/post"}],"author":[{"embeddable":true,"href":"https:\/\/www.ayuntamientodeharia.com\/haria\/wp-json\/wp\/v2\/users\/2"}],"replies":[{"embeddable":true,"href":"https:\/\/www.ayuntamientodeharia.com\/haria\/wp-json\/wp\/v2\/comments?post=5371"}],"version-history":[{"count":0,"href":"https:\/\/www.ayuntamientodeharia.com\/haria\/wp-json\/wp\/v2\/posts\/5371\/revisions"}],"wp:attachment":[{"href":"https:\/\/www.ayuntamientodeharia.com\/haria\/wp-json\/wp\/v2\/media?parent=5371"}],"wp:term":[{"taxonomy":"category","embeddable":true,"href":"https:\/\/www.ayuntamientodeharia.com\/haria\/wp-json\/wp\/v2\/categories?post=5371"},{"taxonomy":"post_tag","embeddable":true,"href":"https:\/\/www.ayuntamientodeharia.com\/haria\/wp-json\/wp\/v2\/tags?post=5371"}],"curies":[{"name":"wp","href":"https:\/\/api.w.org\/{rel}","templated":true}]}}