{"id":5369,"date":"2016-04-27T07:32:28","date_gmt":"2016-04-27T07:32:28","guid":{"rendered":"http:\/\/www.ayuntamientodeharia.com\/haria\/?p=5369"},"modified":"2016-04-27T07:32:28","modified_gmt":"2016-04-27T07:32:28","slug":"publicado-el-listado-definitivo-de-las-ayudas-al-transporte-del-curso-escolar-2013-2014","status":"publish","type":"post","link":"https:\/\/www.ayuntamientodeharia.com\/haria\/publicado-el-listado-definitivo-de-las-ayudas-al-transporte-del-curso-escolar-2013-2014\/","title":{"rendered":"Publicado el listado definitivo de las ayudas al transporte del curso escolar 2013-2014"},"content":{"rendered":"<p>Ye se encuentra expuesto en el Tabl\u00f3n de Anuncios y en la web del Ayuntamiento de Har\u00eda el listado definitivo de los alumnos que solicitaron las ayudas al transporte por estudios fuera de la Isla durante el curso escolar 2013-2014.<\/p>\n<p><!--more--><\/p>\n<p>Aquellos alumnos que hayan sido admitidos deber\u00e1n presentar la documentaci\u00f3n necesaria para justificar la subvenci\u00f3n, antes del 30 de septiembre, en el Registro General de Entrada del Consistorio.<\/p>\n","protected":false},"excerpt":{"rendered":"<p>Ye se encuentra expuesto en el Tabl\u00f3n de Anuncios y en la web del Ayuntamiento de Har\u00eda el listado definitivo de los alumnos que solicitaron las ayudas al transporte por estudios fuera de la Isla durante el curso escolar 2013-2014.<\/p>\n","protected":false},"author":2,"featured_media":0,"comment_status":"closed","ping_status":"closed","sticky":false,"template":"","format":"standard","meta":{"footnotes":""},"categories":[19,11],"tags":[],"class_list":["post-5369","post","type-post","status-publish","format-standard","hentry","category-formacion","category-hoja-de-haria"],"_links":{"self":[{"href":"https:\/\/www.ayuntamientodeharia.com\/haria\/wp-json\/wp\/v2\/posts\/5369","targetHints":{"allow":["GET"]}}],"collection":[{"href":"https:\/\/www.ayuntamientodeharia.com\/haria\/wp-json\/wp\/v2\/posts"}],"about":[{"href":"https:\/\/www.ayuntamientodeharia.com\/haria\/wp-json\/wp\/v2\/types\/post"}],"author":[{"embeddable":true,"href":"https:\/\/www.ayuntamientodeharia.com\/haria\/wp-json\/wp\/v2\/users\/2"}],"replies":[{"embeddable":true,"href":"https:\/\/www.ayuntamientodeharia.com\/haria\/wp-json\/wp\/v2\/comments?post=5369"}],"version-history":[{"count":0,"href":"https:\/\/www.ayuntamientodeharia.com\/haria\/wp-json\/wp\/v2\/posts\/5369\/revisions"}],"wp:attachment":[{"href":"https:\/\/www.ayuntamientodeharia.com\/haria\/wp-json\/wp\/v2\/media?parent=5369"}],"wp:term":[{"taxonomy":"category","embeddable":true,"href":"https:\/\/www.ayuntamientodeharia.com\/haria\/wp-json\/wp\/v2\/categories?post=5369"},{"taxonomy":"post_tag","embeddable":true,"href":"https:\/\/www.ayuntamientodeharia.com\/haria\/wp-json\/wp\/v2\/tags?post=5369"}],"curies":[{"name":"wp","href":"https:\/\/api.w.org\/{rel}","templated":true}]}}