{"id":5365,"date":"2016-04-27T07:30:12","date_gmt":"2016-04-27T07:30:12","guid":{"rendered":"http:\/\/www.ayuntamientodeharia.com\/haria\/?p=5365"},"modified":"2016-04-27T07:30:12","modified_gmt":"2016-04-27T07:30:12","slug":"gorka-cid-y-azarug-gonzalez-cinturon-negro-de-karate","status":"publish","type":"post","link":"https:\/\/www.ayuntamientodeharia.com\/haria\/gorka-cid-y-azarug-gonzalez-cinturon-negro-de-karate\/","title":{"rendered":"Gorka Cid y Azarug Gonz\u00e1lez, cintur\u00f3n negro de k\u00e1rate"},"content":{"rendered":"<p>Los alumnos de la Escuela Municipal de K\u00e1rate Gorka Cid Armas y Azarug Gonz\u00e1lez Betancor obtuvieron el cintur\u00f3n negro tras superar el examen convocado por la Federaci\u00f3n Canaria de K\u00e1rate, el 28 de junio, en el pabell\u00f3n Blas Cabrera Felipe de Arrecife.<\/p>\n<p><!--more--><\/p>\n<p>Desde Al ayuntamiento de Har\u00eda se felicita a los j\u00f3venes karatecas y a su entrenador.<\/p>\n","protected":false},"excerpt":{"rendered":"<p>Los alumnos de la Escuela Municipal de K\u00e1rate Gorka Cid Armas y Azarug Gonz\u00e1lez Betancor obtuvieron el cintur\u00f3n negro tras superar el examen convocado por la Federaci\u00f3n Canaria de K\u00e1rate, el 28 de junio, en el pabell\u00f3n Blas Cabrera Felipe de Arrecife.<\/p>\n","protected":false},"author":2,"featured_media":0,"comment_status":"closed","ping_status":"closed","sticky":false,"template":"","format":"standard","meta":{"footnotes":""},"categories":[17,11],"tags":[],"class_list":["post-5365","post","type-post","status-publish","format-standard","hentry","category-deportes","category-hoja-de-haria"],"_links":{"self":[{"href":"https:\/\/www.ayuntamientodeharia.com\/haria\/wp-json\/wp\/v2\/posts\/5365","targetHints":{"allow":["GET"]}}],"collection":[{"href":"https:\/\/www.ayuntamientodeharia.com\/haria\/wp-json\/wp\/v2\/posts"}],"about":[{"href":"https:\/\/www.ayuntamientodeharia.com\/haria\/wp-json\/wp\/v2\/types\/post"}],"author":[{"embeddable":true,"href":"https:\/\/www.ayuntamientodeharia.com\/haria\/wp-json\/wp\/v2\/users\/2"}],"replies":[{"embeddable":true,"href":"https:\/\/www.ayuntamientodeharia.com\/haria\/wp-json\/wp\/v2\/comments?post=5365"}],"version-history":[{"count":0,"href":"https:\/\/www.ayuntamientodeharia.com\/haria\/wp-json\/wp\/v2\/posts\/5365\/revisions"}],"wp:attachment":[{"href":"https:\/\/www.ayuntamientodeharia.com\/haria\/wp-json\/wp\/v2\/media?parent=5365"}],"wp:term":[{"taxonomy":"category","embeddable":true,"href":"https:\/\/www.ayuntamientodeharia.com\/haria\/wp-json\/wp\/v2\/categories?post=5365"},{"taxonomy":"post_tag","embeddable":true,"href":"https:\/\/www.ayuntamientodeharia.com\/haria\/wp-json\/wp\/v2\/tags?post=5365"}],"curies":[{"name":"wp","href":"https:\/\/api.w.org\/{rel}","templated":true}]}}