{"id":5360,"date":"2016-04-27T07:21:16","date_gmt":"2016-04-27T07:21:16","guid":{"rendered":"http:\/\/www.ayuntamientodeharia.com\/haria\/?p=5360"},"modified":"2016-04-27T07:21:16","modified_gmt":"2016-04-27T07:21:16","slug":"iii-taller-de-telar-azteca","status":"publish","type":"post","link":"https:\/\/www.ayuntamientodeharia.com\/haria\/iii-taller-de-telar-azteca\/","title":{"rendered":"III Taller de Telar Azteca"},"content":{"rendered":"<p>La Asociaci\u00f3n Cultural, Social, Patrimonial y Agr\u00edcola Milana, en colaboraci\u00f3n con la Consejer\u00eda de Bienestar Social del Cabildo de Lanzarote, organiza el \u2018III Taller de Telar Azteca\u2019, que se impartir\u00e1 todos los jueves, desde el 10 al 31 de julio, de 17:00 a 20:00 horas, en la sede de la Asociaci\u00f3n, sita en la calle Villanueva, 8, del pueblo de Mala.<\/p>\n<p><!--more--><\/p>\n<p>Las personas interesadas en realizar el taller deber\u00e1n formalizar la inscripci\u00f3n enviando un e-mail a asocmilana@gmail.com o llamando al tel\u00e9fono 928 529 328. Las plazas son limitadas y se ir\u00e1n cubriendo por orden de inscripci\u00f3n.<\/p>\n","protected":false},"excerpt":{"rendered":"<p>La Asociaci\u00f3n Cultural, Social, Patrimonial y Agr\u00edcola Milana, en colaboraci\u00f3n con la Consejer\u00eda de Bienestar Social del Cabildo de Lanzarote, organiza el \u2018III Taller de Telar Azteca\u2019, que se impartir\u00e1 todos los jueves, desde el 10 al 31 de julio, de 17:00 a 20:00 horas, en la sede de la Asociaci\u00f3n, sita en la calle [&hellip;]<\/p>\n","protected":false},"author":2,"featured_media":0,"comment_status":"closed","ping_status":"closed","sticky":false,"template":"","format":"standard","meta":{"footnotes":""},"categories":[16,11],"tags":[],"class_list":["post-5360","post","type-post","status-publish","format-standard","hentry","category-cultura","category-hoja-de-haria"],"_links":{"self":[{"href":"https:\/\/www.ayuntamientodeharia.com\/haria\/wp-json\/wp\/v2\/posts\/5360","targetHints":{"allow":["GET"]}}],"collection":[{"href":"https:\/\/www.ayuntamientodeharia.com\/haria\/wp-json\/wp\/v2\/posts"}],"about":[{"href":"https:\/\/www.ayuntamientodeharia.com\/haria\/wp-json\/wp\/v2\/types\/post"}],"author":[{"embeddable":true,"href":"https:\/\/www.ayuntamientodeharia.com\/haria\/wp-json\/wp\/v2\/users\/2"}],"replies":[{"embeddable":true,"href":"https:\/\/www.ayuntamientodeharia.com\/haria\/wp-json\/wp\/v2\/comments?post=5360"}],"version-history":[{"count":0,"href":"https:\/\/www.ayuntamientodeharia.com\/haria\/wp-json\/wp\/v2\/posts\/5360\/revisions"}],"wp:attachment":[{"href":"https:\/\/www.ayuntamientodeharia.com\/haria\/wp-json\/wp\/v2\/media?parent=5360"}],"wp:term":[{"taxonomy":"category","embeddable":true,"href":"https:\/\/www.ayuntamientodeharia.com\/haria\/wp-json\/wp\/v2\/categories?post=5360"},{"taxonomy":"post_tag","embeddable":true,"href":"https:\/\/www.ayuntamientodeharia.com\/haria\/wp-json\/wp\/v2\/tags?post=5360"}],"curies":[{"name":"wp","href":"https:\/\/api.w.org\/{rel}","templated":true}]}}