{"id":5354,"date":"2016-04-27T06:57:48","date_gmt":"2016-04-27T06:57:48","guid":{"rendered":"http:\/\/www.ayuntamientodeharia.com\/haria\/?p=5354"},"modified":"2016-04-27T06:57:48","modified_gmt":"2016-04-27T06:57:48","slug":"reunion-con-los-vecinos-de-orzola-2","status":"publish","type":"post","link":"https:\/\/www.ayuntamientodeharia.com\/haria\/reunion-con-los-vecinos-de-orzola-2\/","title":{"rendered":"Reuni\u00f3n con los vecinos de \u00d3rzola"},"content":{"rendered":"<p>La concejala de Festejos y Cultura, Elisabet Socas, convoca a los veci-nos del pueblo de \u00d3rzola a una reuni\u00f3n de trabajo, el martes, 8 de ju-lio, a las 19:30 horas, en el Centro Sociocultural Calet\u00f3n de \u00d3rzola, para organizar y elaborar el programa de las Fiestas de Santa Rosa<\/p>\n","protected":false},"excerpt":{"rendered":"<p>La concejala de Festejos y Cultura, Elisabet Socas, convoca a los veci-nos del pueblo de \u00d3rzola a una reuni\u00f3n de trabajo, el martes, 8 de ju-lio, a las 19:30 horas, en el Centro Sociocultural Calet\u00f3n de \u00d3rzola, para organizar y elaborar el programa de las Fiestas de Santa Rosa<\/p>\n","protected":false},"author":2,"featured_media":0,"comment_status":"closed","ping_status":"closed","sticky":false,"template":"","format":"standard","meta":{"footnotes":""},"categories":[15,11],"tags":[],"class_list":["post-5354","post","type-post","status-publish","format-standard","hentry","category-festejos","category-hoja-de-haria"],"_links":{"self":[{"href":"https:\/\/www.ayuntamientodeharia.com\/haria\/wp-json\/wp\/v2\/posts\/5354","targetHints":{"allow":["GET"]}}],"collection":[{"href":"https:\/\/www.ayuntamientodeharia.com\/haria\/wp-json\/wp\/v2\/posts"}],"about":[{"href":"https:\/\/www.ayuntamientodeharia.com\/haria\/wp-json\/wp\/v2\/types\/post"}],"author":[{"embeddable":true,"href":"https:\/\/www.ayuntamientodeharia.com\/haria\/wp-json\/wp\/v2\/users\/2"}],"replies":[{"embeddable":true,"href":"https:\/\/www.ayuntamientodeharia.com\/haria\/wp-json\/wp\/v2\/comments?post=5354"}],"version-history":[{"count":0,"href":"https:\/\/www.ayuntamientodeharia.com\/haria\/wp-json\/wp\/v2\/posts\/5354\/revisions"}],"wp:attachment":[{"href":"https:\/\/www.ayuntamientodeharia.com\/haria\/wp-json\/wp\/v2\/media?parent=5354"}],"wp:term":[{"taxonomy":"category","embeddable":true,"href":"https:\/\/www.ayuntamientodeharia.com\/haria\/wp-json\/wp\/v2\/categories?post=5354"},{"taxonomy":"post_tag","embeddable":true,"href":"https:\/\/www.ayuntamientodeharia.com\/haria\/wp-json\/wp\/v2\/tags?post=5354"}],"curies":[{"name":"wp","href":"https:\/\/api.w.org\/{rel}","templated":true}]}}