{"id":5174,"date":"2016-04-21T11:07:03","date_gmt":"2016-04-21T11:07:03","guid":{"rendered":"http:\/\/www.ayuntamientodeharia.com\/haria\/?p=5174"},"modified":"2016-04-21T11:07:03","modified_gmt":"2016-04-21T11:07:03","slug":"los-caminos-de-las-rosas-y-los-castillejos-se-cierran-al-trafico-para-realizar-mejoras-en-la-red-de-abastecimiento","status":"publish","type":"post","link":"https:\/\/www.ayuntamientodeharia.com\/haria\/los-caminos-de-las-rosas-y-los-castillejos-se-cierran-al-trafico-para-realizar-mejoras-en-la-red-de-abastecimiento\/","title":{"rendered":"Los caminos de Las Rosas y Los Castillejos se cierran al tr\u00e1fico para realizar mejoras en la red de abastecimiento"},"content":{"rendered":"<p>Por segunda semana consecutiva, y debido a la realizaci\u00f3n de obras de acondicionamiento y mejora en la red de suministro de agua agr\u00edcola, permanecer\u00e1 cerrado al tr\u00e1fico el camino rural de Las Rosas, mientras que el camino de Los Castillejos se cerrar\u00e1 al tr\u00e1fico del 25 al 29 de agosto y del 1 al 5 de septiembre.<\/p>\n","protected":false},"excerpt":{"rendered":"<p>Por segunda semana consecutiva, y debido a la realizaci\u00f3n de obras de acondicionamiento y mejora en la red de suministro de agua agr\u00edcola, permanecer\u00e1 cerrado al tr\u00e1fico el camino rural de Las Rosas, mientras que el camino de Los Castillejos se cerrar\u00e1 al tr\u00e1fico del 25 al 29 de agosto y del 1 al 5 [&hellip;]<\/p>\n","protected":false},"author":2,"featured_media":0,"comment_status":"closed","ping_status":"closed","sticky":false,"template":"","format":"standard","meta":{"footnotes":""},"categories":[11,23],"tags":[],"class_list":["post-5174","post","type-post","status-publish","format-standard","hentry","category-hoja-de-haria","category-obras-y-servicios"],"_links":{"self":[{"href":"https:\/\/www.ayuntamientodeharia.com\/haria\/wp-json\/wp\/v2\/posts\/5174","targetHints":{"allow":["GET"]}}],"collection":[{"href":"https:\/\/www.ayuntamientodeharia.com\/haria\/wp-json\/wp\/v2\/posts"}],"about":[{"href":"https:\/\/www.ayuntamientodeharia.com\/haria\/wp-json\/wp\/v2\/types\/post"}],"author":[{"embeddable":true,"href":"https:\/\/www.ayuntamientodeharia.com\/haria\/wp-json\/wp\/v2\/users\/2"}],"replies":[{"embeddable":true,"href":"https:\/\/www.ayuntamientodeharia.com\/haria\/wp-json\/wp\/v2\/comments?post=5174"}],"version-history":[{"count":0,"href":"https:\/\/www.ayuntamientodeharia.com\/haria\/wp-json\/wp\/v2\/posts\/5174\/revisions"}],"wp:attachment":[{"href":"https:\/\/www.ayuntamientodeharia.com\/haria\/wp-json\/wp\/v2\/media?parent=5174"}],"wp:term":[{"taxonomy":"category","embeddable":true,"href":"https:\/\/www.ayuntamientodeharia.com\/haria\/wp-json\/wp\/v2\/categories?post=5174"},{"taxonomy":"post_tag","embeddable":true,"href":"https:\/\/www.ayuntamientodeharia.com\/haria\/wp-json\/wp\/v2\/tags?post=5174"}],"curies":[{"name":"wp","href":"https:\/\/api.w.org\/{rel}","templated":true}]}}