{"id":5167,"date":"2016-04-21T10:21:42","date_gmt":"2016-04-21T10:21:42","guid":{"rendered":"http:\/\/www.ayuntamientodeharia.com\/haria\/?p=5167"},"modified":"2016-04-21T10:21:42","modified_gmt":"2016-04-21T10:21:42","slug":"guagua-para-asistir-a-las-fiestas-de-la-caleta","status":"publish","type":"post","link":"https:\/\/www.ayuntamientodeharia.com\/haria\/guagua-para-asistir-a-las-fiestas-de-la-caleta\/","title":{"rendered":"Guagua para asistir a las Fiestas de La Caleta"},"content":{"rendered":"<p>La Concejal\u00eda de Festejos comunica que se pondr\u00e1 a disposici\u00f3n de los vecinos del municipio, mayores de 16 a\u00f1os, un servicio de guagua para que puedan acudir, sin necesidad de utilizar el coche, a las Fiestas de Famara, el s\u00e1bado, 30 de agosto. Para ello deber\u00e1n llamar al 928 835009 y 928 835251 y ponerse en contacto con el Departamento de Festejos, de 9:00 a 14:00 horas, antes del 28 de agosto, y realizar la inscripci\u00f3n correspondiente.<\/p>\n","protected":false},"excerpt":{"rendered":"<p>La Concejal\u00eda de Festejos comunica que se pondr\u00e1 a disposici\u00f3n de los vecinos del municipio, mayores de 16 a\u00f1os, un servicio de guagua para que puedan acudir, sin necesidad de utilizar el coche, a las Fiestas de Famara, el s\u00e1bado, 30 de agosto. Para ello deber\u00e1n llamar al 928 835009 y 928 835251 y ponerse [&hellip;]<\/p>\n","protected":false},"author":2,"featured_media":0,"comment_status":"closed","ping_status":"closed","sticky":false,"template":"","format":"standard","meta":{"footnotes":""},"categories":[15,11],"tags":[],"class_list":["post-5167","post","type-post","status-publish","format-standard","hentry","category-festejos","category-hoja-de-haria"],"_links":{"self":[{"href":"https:\/\/www.ayuntamientodeharia.com\/haria\/wp-json\/wp\/v2\/posts\/5167","targetHints":{"allow":["GET"]}}],"collection":[{"href":"https:\/\/www.ayuntamientodeharia.com\/haria\/wp-json\/wp\/v2\/posts"}],"about":[{"href":"https:\/\/www.ayuntamientodeharia.com\/haria\/wp-json\/wp\/v2\/types\/post"}],"author":[{"embeddable":true,"href":"https:\/\/www.ayuntamientodeharia.com\/haria\/wp-json\/wp\/v2\/users\/2"}],"replies":[{"embeddable":true,"href":"https:\/\/www.ayuntamientodeharia.com\/haria\/wp-json\/wp\/v2\/comments?post=5167"}],"version-history":[{"count":0,"href":"https:\/\/www.ayuntamientodeharia.com\/haria\/wp-json\/wp\/v2\/posts\/5167\/revisions"}],"wp:attachment":[{"href":"https:\/\/www.ayuntamientodeharia.com\/haria\/wp-json\/wp\/v2\/media?parent=5167"}],"wp:term":[{"taxonomy":"category","embeddable":true,"href":"https:\/\/www.ayuntamientodeharia.com\/haria\/wp-json\/wp\/v2\/categories?post=5167"},{"taxonomy":"post_tag","embeddable":true,"href":"https:\/\/www.ayuntamientodeharia.com\/haria\/wp-json\/wp\/v2\/tags?post=5167"}],"curies":[{"name":"wp","href":"https:\/\/api.w.org\/{rel}","templated":true}]}}