{"id":5165,"date":"2016-04-21T10:20:08","date_gmt":"2016-04-21T10:20:08","guid":{"rendered":"http:\/\/www.ayuntamientodeharia.com\/haria\/?p=5165"},"modified":"2016-04-21T10:20:08","modified_gmt":"2016-04-21T10:20:08","slug":"cierre-temporal-de-calle-por-las-fiestas-del-pino","status":"publish","type":"post","link":"https:\/\/www.ayuntamientodeharia.com\/haria\/cierre-temporal-de-calle-por-las-fiestas-del-pino\/","title":{"rendered":"Cierre temporal de calle por las Fiestas del Pino"},"content":{"rendered":"<p>Con motivo de la celebraci\u00f3n de las Fiestas del Pino en Punta Mujeres, el tramo de carretera que discurre entre las Casitas del Mar y Caleta Campo permanecer\u00e1 cerrado al tr\u00e1fico desde el 25 de agosto al 10 de septiembre.<\/p>\n<p>&nbsp;<\/p>\n<p>Por este motivo, la parada de guaguas pr\u00f3xima al supermercado de Pepa quedar\u00e1 temporalmente fuera de servicio, debi\u00e9ndose trasladar los usuarios a la nueva parada habilitada por el Ayuntamiento en las proximidades de Caleta Campo, donde el servicio de guaguas operar\u00e1 con normalidad.<\/p>\n<p><!--more--><\/p>\n<p>&nbsp;<\/p>\n<p>La concejala de Festejos, Elisabet Socas, pide disculpas a los vecinos de Punta Mujeres por los inconvenientes y molestias que les pueda provocar el cierre temporal de la v\u00eda.<\/p>\n","protected":false},"excerpt":{"rendered":"<p>Con motivo de la celebraci\u00f3n de las Fiestas del Pino en Punta Mujeres, el tramo de carretera que discurre entre las Casitas del Mar y Caleta Campo permanecer\u00e1 cerrado al tr\u00e1fico desde el 25 de agosto al 10 de septiembre. &nbsp; Por este motivo, la parada de guaguas pr\u00f3xima al supermercado de Pepa quedar\u00e1 temporalmente [&hellip;]<\/p>\n","protected":false},"author":2,"featured_media":0,"comment_status":"closed","ping_status":"closed","sticky":false,"template":"","format":"standard","meta":{"footnotes":""},"categories":[15,11],"tags":[],"class_list":["post-5165","post","type-post","status-publish","format-standard","hentry","category-festejos","category-hoja-de-haria"],"_links":{"self":[{"href":"https:\/\/www.ayuntamientodeharia.com\/haria\/wp-json\/wp\/v2\/posts\/5165","targetHints":{"allow":["GET"]}}],"collection":[{"href":"https:\/\/www.ayuntamientodeharia.com\/haria\/wp-json\/wp\/v2\/posts"}],"about":[{"href":"https:\/\/www.ayuntamientodeharia.com\/haria\/wp-json\/wp\/v2\/types\/post"}],"author":[{"embeddable":true,"href":"https:\/\/www.ayuntamientodeharia.com\/haria\/wp-json\/wp\/v2\/users\/2"}],"replies":[{"embeddable":true,"href":"https:\/\/www.ayuntamientodeharia.com\/haria\/wp-json\/wp\/v2\/comments?post=5165"}],"version-history":[{"count":0,"href":"https:\/\/www.ayuntamientodeharia.com\/haria\/wp-json\/wp\/v2\/posts\/5165\/revisions"}],"wp:attachment":[{"href":"https:\/\/www.ayuntamientodeharia.com\/haria\/wp-json\/wp\/v2\/media?parent=5165"}],"wp:term":[{"taxonomy":"category","embeddable":true,"href":"https:\/\/www.ayuntamientodeharia.com\/haria\/wp-json\/wp\/v2\/categories?post=5165"},{"taxonomy":"post_tag","embeddable":true,"href":"https:\/\/www.ayuntamientodeharia.com\/haria\/wp-json\/wp\/v2\/tags?post=5165"}],"curies":[{"name":"wp","href":"https:\/\/api.w.org\/{rel}","templated":true}]}}