{"id":5157,"date":"2016-04-21T09:47:00","date_gmt":"2016-04-21T09:47:00","guid":{"rendered":"http:\/\/www.ayuntamientodeharia.com\/haria\/?p=5157"},"modified":"2016-04-21T09:47:00","modified_gmt":"2016-04-21T09:47:00","slug":"reunion-para-participar-en-el-playback-de-mala","status":"publish","type":"post","link":"https:\/\/www.ayuntamientodeharia.com\/haria\/reunion-para-participar-en-el-playback-de-mala\/","title":{"rendered":"Reuni\u00f3n para participar en el playback de Mala"},"content":{"rendered":"<p>Los ni\u00f1os que quieran participar en el playback que se organiza con motivo de las Fiestas de Las Mercedes de Mala, deber\u00e1n acudir el viernes, 22 de agosto, a las 18:00 horas, a la reuni\u00f3n que se celebrar\u00e1 para organizar dicho evento en los salones de la Sociedad Renacimiento.<\/p>\n","protected":false},"excerpt":{"rendered":"<p>Los ni\u00f1os que quieran participar en el playback que se organiza con motivo de las Fiestas de Las Mercedes de Mala, deber\u00e1n acudir el viernes, 22 de agosto, a las 18:00 horas, a la reuni\u00f3n que se celebrar\u00e1 para organizar dicho evento en los salones de la Sociedad Renacimiento.<\/p>\n","protected":false},"author":2,"featured_media":0,"comment_status":"closed","ping_status":"closed","sticky":false,"template":"","format":"standard","meta":{"footnotes":""},"categories":[15,11],"tags":[],"class_list":["post-5157","post","type-post","status-publish","format-standard","hentry","category-festejos","category-hoja-de-haria"],"_links":{"self":[{"href":"https:\/\/www.ayuntamientodeharia.com\/haria\/wp-json\/wp\/v2\/posts\/5157","targetHints":{"allow":["GET"]}}],"collection":[{"href":"https:\/\/www.ayuntamientodeharia.com\/haria\/wp-json\/wp\/v2\/posts"}],"about":[{"href":"https:\/\/www.ayuntamientodeharia.com\/haria\/wp-json\/wp\/v2\/types\/post"}],"author":[{"embeddable":true,"href":"https:\/\/www.ayuntamientodeharia.com\/haria\/wp-json\/wp\/v2\/users\/2"}],"replies":[{"embeddable":true,"href":"https:\/\/www.ayuntamientodeharia.com\/haria\/wp-json\/wp\/v2\/comments?post=5157"}],"version-history":[{"count":0,"href":"https:\/\/www.ayuntamientodeharia.com\/haria\/wp-json\/wp\/v2\/posts\/5157\/revisions"}],"wp:attachment":[{"href":"https:\/\/www.ayuntamientodeharia.com\/haria\/wp-json\/wp\/v2\/media?parent=5157"}],"wp:term":[{"taxonomy":"category","embeddable":true,"href":"https:\/\/www.ayuntamientodeharia.com\/haria\/wp-json\/wp\/v2\/categories?post=5157"},{"taxonomy":"post_tag","embeddable":true,"href":"https:\/\/www.ayuntamientodeharia.com\/haria\/wp-json\/wp\/v2\/tags?post=5157"}],"curies":[{"name":"wp","href":"https:\/\/api.w.org\/{rel}","templated":true}]}}