{"id":5153,"date":"2016-04-21T09:43:53","date_gmt":"2016-04-21T09:43:53","guid":{"rendered":"http:\/\/www.ayuntamientodeharia.com\/haria\/?p=5153"},"modified":"2016-04-21T09:43:53","modified_gmt":"2016-04-21T09:43:53","slug":"fiestas-de-nuestra-senora-del-pino-punta-mujeres-2014-2","status":"publish","type":"post","link":"https:\/\/www.ayuntamientodeharia.com\/haria\/fiestas-de-nuestra-senora-del-pino-punta-mujeres-2014-2\/","title":{"rendered":"Fiestas de Nuestra Se\u00f1ora del Pino Punta Mujeres 2014"},"content":{"rendered":"<p><strong>Mi\u00e9rcoles, 27 de agosto:<\/strong><\/p>\n<p>&nbsp;<\/p>\n<p><em> 19:30h.<\/em>&#8211; Inscripci\u00f3n y sorteo de los equipos participantes en el Torneo de F\u00fatbol Sala.<\/p>\n<p>&nbsp;<\/p>\n<p><em>20:00h<\/em>.- Sorteo y comienzo del Campeonato de Envite.<\/p>\n<p><!--more--><\/p>\n<p>&nbsp;<\/p>\n<p><strong>Jueves, 28 de agosto: <\/strong><\/p>\n<p>&nbsp;<\/p>\n<p><em>17:00h.<\/em>&#8211; Comienzo del Torneo de F\u00fatbol Sala en la cancha del Centro Sociocultural El Marinero.<\/p>\n<p>&nbsp;<\/p>\n<p><em>19:30h<\/em>.- Sorteo y comienzo de Campeonato Masculino y Femenino de Bolas en la cancha del Centro Sociocultural El Marinero.<\/p>\n<p>&nbsp;<\/p>\n<p><strong>Viernes, 29 de agosto: <\/strong><\/p>\n<p>&nbsp;<\/p>\n<p><em>17:30h.<\/em>&#8211; Pasacalles con salida desde el Centro Sociocultural El Marinero.<\/p>\n<p>&nbsp;<\/p>\n<p><em> 21:30h.-<\/em> Velada de Boxeo en el Recinto de Las Fiestas.<\/p>\n","protected":false},"excerpt":{"rendered":"<p>Mi\u00e9rcoles, 27 de agosto: &nbsp; 19:30h.&#8211; Inscripci\u00f3n y sorteo de los equipos participantes en el Torneo de F\u00fatbol Sala. &nbsp; 20:00h.- Sorteo y comienzo del Campeonato de Envite.<\/p>\n","protected":false},"author":2,"featured_media":0,"comment_status":"closed","ping_status":"closed","sticky":false,"template":"","format":"standard","meta":{"footnotes":""},"categories":[15,11],"tags":[],"class_list":["post-5153","post","type-post","status-publish","format-standard","hentry","category-festejos","category-hoja-de-haria"],"_links":{"self":[{"href":"https:\/\/www.ayuntamientodeharia.com\/haria\/wp-json\/wp\/v2\/posts\/5153","targetHints":{"allow":["GET"]}}],"collection":[{"href":"https:\/\/www.ayuntamientodeharia.com\/haria\/wp-json\/wp\/v2\/posts"}],"about":[{"href":"https:\/\/www.ayuntamientodeharia.com\/haria\/wp-json\/wp\/v2\/types\/post"}],"author":[{"embeddable":true,"href":"https:\/\/www.ayuntamientodeharia.com\/haria\/wp-json\/wp\/v2\/users\/2"}],"replies":[{"embeddable":true,"href":"https:\/\/www.ayuntamientodeharia.com\/haria\/wp-json\/wp\/v2\/comments?post=5153"}],"version-history":[{"count":0,"href":"https:\/\/www.ayuntamientodeharia.com\/haria\/wp-json\/wp\/v2\/posts\/5153\/revisions"}],"wp:attachment":[{"href":"https:\/\/www.ayuntamientodeharia.com\/haria\/wp-json\/wp\/v2\/media?parent=5153"}],"wp:term":[{"taxonomy":"category","embeddable":true,"href":"https:\/\/www.ayuntamientodeharia.com\/haria\/wp-json\/wp\/v2\/categories?post=5153"},{"taxonomy":"post_tag","embeddable":true,"href":"https:\/\/www.ayuntamientodeharia.com\/haria\/wp-json\/wp\/v2\/tags?post=5153"}],"curies":[{"name":"wp","href":"https:\/\/api.w.org\/{rel}","templated":true}]}}