{"id":5147,"date":"2016-04-21T09:41:14","date_gmt":"2016-04-21T09:41:14","guid":{"rendered":"http:\/\/www.ayuntamientodeharia.com\/haria\/?p=5147"},"modified":"2016-04-21T09:41:26","modified_gmt":"2016-04-21T09:41:26","slug":"el-mirador-de-guatifay-18","status":"publish","type":"post","link":"https:\/\/www.ayuntamientodeharia.com\/haria\/el-mirador-de-guatifay-18\/","title":{"rendered":"El Mirador de Guatifay"},"content":{"rendered":"<p><a style=\"font-weight: inherit; font-style: inherit; color: #1b8be0;\" href=\"http:\/\/www.ayuntamientodeharia.com\/haria\/wp-content\/uploads\/2016\/01\/gregorio.jpg\"><img decoding=\"async\" class=\"alignleft  wp-image-3454\" style=\"font-weight: inherit; font-style: inherit; color: inherit;\" src=\"http:\/\/www.ayuntamientodeharia.com\/haria\/wp-content\/uploads\/2016\/01\/gregorio-246x300.jpg\" alt=\"gregorio\" width=\"114\" height=\"138\" srcset=\"https:\/\/www.ayuntamientodeharia.com\/haria\/wp-content\/uploads\/2016\/01\/gregorio-246x300.jpg 246w, https:\/\/www.ayuntamientodeharia.com\/haria\/wp-content\/uploads\/2016\/01\/gregorio.jpg 249w\" sizes=\"(max-width: 114px) 100vw, 114px\" \/><\/a><\/p>\n<p><strong style=\"font-weight: bold; font-style: inherit; color: inherit;\">Por Gregorio Barreto Vi\u00f1oly<\/strong><\/p>\n<p>&nbsp;<\/p>\n<p>&nbsp;<\/p>\n<h6 style=\"font-weight: inherit;\"><strong>Recordando antiguas idas y venidas en el Camino de Los Cascajos<\/strong><\/h6>\n<p>Queremos hacer referencia especial a aquellas antiguas idas y venidas por el popular Camino de los Cascajos, cuando no hab\u00eda medios de comunicaci\u00f3n e imperaba la pobreza en todos los aspectos cotidianos y sociales.<\/p>\n<p>&nbsp;<\/p>\n<p>Hacemos una nominaci\u00f3n gen\u00e9rica de Camino de los Cascajos, pero hay que tener en cuenta que dentro de este camino se hizo una derivaci\u00f3n, a finales del siglo XIX, que fue denominada y conocida por Portillo de Bonilla, que se adentra desde la confluencia en lo alto de dicho Camino, donde luego se situ\u00f3 un aljibe, con direcci\u00f3n hacia el centro de M\u00e1guez.<\/p>\n<p><!--more--><\/p>\n<p>&nbsp;<\/p>\n<p>Su nombre parece obedecer a un se\u00f1or apellidado Bonilla, que vivi\u00f3 en la indicada confluencia, haciendo un camino y luego dicha calle donde antes solo hab\u00eda una vereda, la cual estaba situada dentro de los terrenos de la propiedad del ricach\u00f3n Pablo Luzardo Ram\u00edrez, conocido por \u2018El Indiano\u2019. Tambi\u00e9n la zona alta de este Camino ha sido conocida por Las Paredes, que algunos todav\u00eda recuerdan.<\/p>\n<p>&nbsp;<\/p>\n<p>Este camino tiene muchos secretos, en especial de los j\u00f3venes que lo cruzaban los domingos y s\u00e1bados, cuando eran muchos los que se iban desde M\u00e1guez a encontrarse con sus novias en Har\u00eda, o viceversa, ven\u00edan desde Har\u00eda a encontrarse con sus novias en M\u00e1guez, y en especial para festejar en los bailes de timple y guitarra que hab\u00eda entonces.<\/p>\n<p>&nbsp;<\/p>\n<p>Tambi\u00e9n se usaba para ir al cine, e incluso pasaron el m\u00e9dico y curanderos por all\u00ed, montados en burro y m\u00e1s tarde en moto. Ser\u00eda bueno aplicar la consulta de \u201csi los caminos hablaran\u201d, porque habr\u00eda mucho que recordar. Este camino dio motivo a muchos esguinces o desconches, porque era muy malo, con un empedrado por partes, hasta que se abarrancara. Fueron muchas las borracheras cruzadas, en un camino que ten\u00eda fuentecitas que manaban algo.<\/p>\n<p>&nbsp;<\/p>\n<p>Este camino fue de encuentro de bebedores y personas que quer\u00edan pelear. Recuerdo de haber tenido una conversaci\u00f3n con el maestro de Har\u00eda y gran caballero, que fuera Don Manuel Socas Socas, y este me dijo que sab\u00eda de un encuentro, que se sucedi\u00f3 en el Camino de los Cascajos, de dos hombres que intentaban pelear, sin importar con quien, y es que dice que se encontraron un padre llamado Cirilo Betancor Camejo y su hijo Francisco Betancor Perdomo, conocido por Frasco el de Cirilo, y al acercarse se agarraron a pelear, y en la pelea se dieron buenos tortazos, y al final se dieron cuenta de ser padre e hijo y se perdonaron, y esta era una gran an\u00e9cdota de \u00e9l.<\/p>\n<p>&nbsp;<\/p>\n<p>Este fue un lugar muy abarrancado por las lluvias y as\u00ed la gente solo se iba caminando o tirando por las bridas de un animal dom\u00e9stico. Estas barranqueras dieron algunos problemas de noche y fueron muchos los que cayeron en ellos, en especial en la parte del Portillo de Bonilla, al que se le dec\u00eda tambi\u00e9n Cuesta de Inocencia.<\/p>\n<p>&nbsp;<\/p>\n<p>De este camino tambi\u00e9n se recuerda cuando los ni\u00f1os o jovencitos se hac\u00edan sus carros de madera y se pon\u00edan en carrera a ver quien avanzaba m\u00e1s, y de este hecho vienen a la memoria Salvador Romero Betancor y Marcial Barreto Vi\u00f1oly y otros.<\/p>\n<p>&nbsp;<\/p>\n<p>Tambi\u00e9n se recuerda de ver a algunas personas usando su bicicleta cuando se iban al trabajo, cuando el camino estaba algo mejor. As\u00ed, se recuerda a Rafael Mor\u00edn Perdomo cuando ven\u00eda desde Har\u00eda a la tienda de Salvador Borges Dorta a M\u00e1guez.<\/p>\n","protected":false},"excerpt":{"rendered":"<p>Por Gregorio Barreto Vi\u00f1oly &nbsp; &nbsp; Recordando antiguas idas y venidas en el Camino de Los Cascajos Queremos hacer referencia especial a aquellas antiguas idas y venidas por el popular Camino de los Cascajos, cuando no hab\u00eda medios de comunicaci\u00f3n e imperaba la pobreza en todos los aspectos cotidianos y sociales. &nbsp; Hacemos una nominaci\u00f3n [&hellip;]<\/p>\n","protected":false},"author":2,"featured_media":0,"comment_status":"closed","ping_status":"closed","sticky":false,"template":"","format":"standard","meta":{"footnotes":""},"categories":[118,11],"tags":[],"class_list":["post-5147","post","type-post","status-publish","format-standard","hentry","category-el-mirador-de-guatifay","category-hoja-de-haria"],"_links":{"self":[{"href":"https:\/\/www.ayuntamientodeharia.com\/haria\/wp-json\/wp\/v2\/posts\/5147","targetHints":{"allow":["GET"]}}],"collection":[{"href":"https:\/\/www.ayuntamientodeharia.com\/haria\/wp-json\/wp\/v2\/posts"}],"about":[{"href":"https:\/\/www.ayuntamientodeharia.com\/haria\/wp-json\/wp\/v2\/types\/post"}],"author":[{"embeddable":true,"href":"https:\/\/www.ayuntamientodeharia.com\/haria\/wp-json\/wp\/v2\/users\/2"}],"replies":[{"embeddable":true,"href":"https:\/\/www.ayuntamientodeharia.com\/haria\/wp-json\/wp\/v2\/comments?post=5147"}],"version-history":[{"count":0,"href":"https:\/\/www.ayuntamientodeharia.com\/haria\/wp-json\/wp\/v2\/posts\/5147\/revisions"}],"wp:attachment":[{"href":"https:\/\/www.ayuntamientodeharia.com\/haria\/wp-json\/wp\/v2\/media?parent=5147"}],"wp:term":[{"taxonomy":"category","embeddable":true,"href":"https:\/\/www.ayuntamientodeharia.com\/haria\/wp-json\/wp\/v2\/categories?post=5147"},{"taxonomy":"post_tag","embeddable":true,"href":"https:\/\/www.ayuntamientodeharia.com\/haria\/wp-json\/wp\/v2\/tags?post=5147"}],"curies":[{"name":"wp","href":"https:\/\/api.w.org\/{rel}","templated":true}]}}