{"id":5138,"date":"2016-04-21T09:20:34","date_gmt":"2016-04-21T09:20:34","guid":{"rendered":"http:\/\/www.ayuntamientodeharia.com\/haria\/?p=5138"},"modified":"2016-04-21T09:20:34","modified_gmt":"2016-04-21T09:20:34","slug":"abierta-la-inscripcion-para-formar-parte-del-equipo-de-voluntarios-de-la-haria-extreme","status":"publish","type":"post","link":"https:\/\/www.ayuntamientodeharia.com\/haria\/abierta-la-inscripcion-para-formar-parte-del-equipo-de-voluntarios-de-la-haria-extreme\/","title":{"rendered":"Abierta la inscripci\u00f3n para formar parte del equipo de voluntarios de la &#8216;Har\u00eda Extreme&#8217;"},"content":{"rendered":"<p><a href=\"http:\/\/www.ayuntamientodeharia.com\/haria\/wp-content\/uploads\/2016\/04\/voluntarios4.jpg\"><img decoding=\"async\" class=\"alignleft  wp-image-5109\" src=\"http:\/\/www.ayuntamientodeharia.com\/haria\/wp-content\/uploads\/2016\/04\/voluntarios4-273x300.jpg\" alt=\"voluntarios4\" width=\"169\" height=\"186\" srcset=\"https:\/\/www.ayuntamientodeharia.com\/haria\/wp-content\/uploads\/2016\/04\/voluntarios4-273x300.jpg 273w, https:\/\/www.ayuntamientodeharia.com\/haria\/wp-content\/uploads\/2016\/04\/voluntarios4.jpg 364w\" sizes=\"(max-width: 169px) 100vw, 169px\" \/><\/a>El Ayuntamiento de Har\u00eda se encuentra ultimando los \u00faltimos detalles para que la celebraci\u00f3n de la &#8216;Har\u00eda Extreme&#8217; de este a\u00f1o se convierta en un acontecimiento de primer orden en el \u00e1mbito de la competici\u00f3n de carreras por monta\u00f1a.<\/p>\n<p>Uno de los pilares fundamentales en los que se basa el \u00e9xito de la organizaci\u00f3n de la &#8216;Har\u00eda Extreme&#8217; es, sin duda, el trabajo realizado por el grupo de Voluntarios Extreme. En este sentido, y siendo consciente de ello, la Corporaci\u00f3n municipal abre la inscripci\u00f3n para que los vecinos que lo deseen, sin l\u00edmite de edad, formen parte del grupo de personas voluntarias que ser\u00e1n las encargadas no solo de hacer funcionar la m\u00e1quina organizativa de la &#8216;Har\u00eda Extreme&#8217;, sino tambi\u00e9n de aportar la imagen de seriedad y compromiso que este evento requiere, siendo, en definitiva, la cara amable y humana del mismo.<\/p>\n<p><!--more--><\/p>\n<p>&nbsp;<\/p>\n<p>Los interesados en formar parte de grupo de voluntarios deber\u00e1n realizar la inscripci\u00f3n enviando la solicitud a trav\u00e9s de la p\u00e1gina web www.hariaextreme.com.<\/p>\n<p>&nbsp;<\/p>\n<p><a href=\"http:\/\/www.ayuntamientodeharia.com\/haria\/wp-content\/uploads\/2016\/04\/voluntarios.jpg\"><img decoding=\"async\" class=\"alignleft  wp-image-5108\" src=\"http:\/\/www.ayuntamientodeharia.com\/haria\/wp-content\/uploads\/2016\/04\/voluntarios-300x92.jpg\" alt=\"voluntarios\" width=\"220\" height=\"104\" \/><\/a> <a href=\"http:\/\/www.ayuntamientodeharia.com\/haria\/wp-content\/uploads\/2016\/04\/voluntarios-3.jpg\"><img decoding=\"async\" class=\"aligncenter  wp-image-5107\" src=\"http:\/\/www.ayuntamientodeharia.com\/haria\/wp-content\/uploads\/2016\/04\/voluntarios-3-300x142.jpg\" alt=\"voluntarios 3\" width=\"237\" height=\"116\" \/><\/a> <a href=\"http:\/\/www.ayuntamientodeharia.com\/haria\/wp-content\/uploads\/2016\/04\/voluntarios-2.jpg\"><img loading=\"lazy\" decoding=\"async\" class=\"alignright  wp-image-5106\" src=\"http:\/\/www.ayuntamientodeharia.com\/haria\/wp-content\/uploads\/2016\/04\/voluntarios-2-300x181.jpg\" alt=\"voluntarios 2\" width=\"244\" height=\"151\" \/><\/a><\/p>\n","protected":false},"excerpt":{"rendered":"<p>El Ayuntamiento de Har\u00eda se encuentra ultimando los \u00faltimos detalles para que la celebraci\u00f3n de la &#8216;Har\u00eda Extreme&#8217; de este a\u00f1o se convierta en un acontecimiento de primer orden en el \u00e1mbito de la competici\u00f3n de carreras por monta\u00f1a. Uno de los pilares fundamentales en los que se basa el \u00e9xito de la organizaci\u00f3n de [&hellip;]<\/p>\n","protected":false},"author":2,"featured_media":0,"comment_status":"closed","ping_status":"closed","sticky":false,"template":"","format":"standard","meta":{"footnotes":""},"categories":[17,11],"tags":[],"class_list":["post-5138","post","type-post","status-publish","format-standard","hentry","category-deportes","category-hoja-de-haria"],"_links":{"self":[{"href":"https:\/\/www.ayuntamientodeharia.com\/haria\/wp-json\/wp\/v2\/posts\/5138","targetHints":{"allow":["GET"]}}],"collection":[{"href":"https:\/\/www.ayuntamientodeharia.com\/haria\/wp-json\/wp\/v2\/posts"}],"about":[{"href":"https:\/\/www.ayuntamientodeharia.com\/haria\/wp-json\/wp\/v2\/types\/post"}],"author":[{"embeddable":true,"href":"https:\/\/www.ayuntamientodeharia.com\/haria\/wp-json\/wp\/v2\/users\/2"}],"replies":[{"embeddable":true,"href":"https:\/\/www.ayuntamientodeharia.com\/haria\/wp-json\/wp\/v2\/comments?post=5138"}],"version-history":[{"count":0,"href":"https:\/\/www.ayuntamientodeharia.com\/haria\/wp-json\/wp\/v2\/posts\/5138\/revisions"}],"wp:attachment":[{"href":"https:\/\/www.ayuntamientodeharia.com\/haria\/wp-json\/wp\/v2\/media?parent=5138"}],"wp:term":[{"taxonomy":"category","embeddable":true,"href":"https:\/\/www.ayuntamientodeharia.com\/haria\/wp-json\/wp\/v2\/categories?post=5138"},{"taxonomy":"post_tag","embeddable":true,"href":"https:\/\/www.ayuntamientodeharia.com\/haria\/wp-json\/wp\/v2\/tags?post=5138"}],"curies":[{"name":"wp","href":"https:\/\/api.w.org\/{rel}","templated":true}]}}