{"id":5135,"date":"2016-04-21T09:17:39","date_gmt":"2016-04-21T09:17:39","guid":{"rendered":"http:\/\/www.ayuntamientodeharia.com\/haria\/?p=5135"},"modified":"2016-04-21T09:18:08","modified_gmt":"2016-04-21T09:18:08","slug":"nuevo-exito-de-participacion-en-la-fiesta-de-la-pamela-de-orzola-2","status":"publish","type":"post","link":"https:\/\/www.ayuntamientodeharia.com\/haria\/nuevo-exito-de-participacion-en-la-fiesta-de-la-pamela-de-orzola-2\/","title":{"rendered":"Nuevo \u00e9xito de participaci\u00f3n en la Fiesta de la Pamela de \u00d3rzola"},"content":{"rendered":"<p><a href=\"http:\/\/www.ayuntamientodeharia.com\/haria\/wp-content\/uploads\/2016\/04\/pamela.jpg\"><img decoding=\"async\" class=\"alignleft  wp-image-5103\" src=\"http:\/\/www.ayuntamientodeharia.com\/haria\/wp-content\/uploads\/2016\/04\/pamela-300x150.jpg\" alt=\"pamela\" width=\"252\" height=\"131\" \/><\/a>M\u00e1s de 1.500 personas disfrutaron de la Fiesta de la Pamela, organizada por el Ayuntamiento de Har\u00eda y la Comisi\u00f3n de Fiestas de \u00d3rzola, el pasado viernes, 22 de agosto, en la playa de Calet\u00f3n Blanco. La fiesta, que transcurri\u00f3 sin incidentes significativos gracias al plan de seguridad establecido por los organizadores, se fue llenado de color a medida que avanzaba la noche. Los originales tocados que llevaban los asistentes y el buen ambiente reinante contribuyeron a que la Fiesta de la Pamela volviese a convertirse en el evento m\u00e1s significativo del verano.<\/p>\n<p><!--more--><\/p>\n<p>&nbsp;<\/p>\n<p>Este a\u00f1o, el premio a la pamela m\u00e1s original recay\u00f3 en un grupo de trece personas que portaba la representaci\u00f3n de un faro<\/p>\n","protected":false},"excerpt":{"rendered":"<p>M\u00e1s de 1.500 personas disfrutaron de la Fiesta de la Pamela, organizada por el Ayuntamiento de Har\u00eda y la Comisi\u00f3n de Fiestas de \u00d3rzola, el pasado viernes, 22 de agosto, en la playa de Calet\u00f3n Blanco. La fiesta, que transcurri\u00f3 sin incidentes significativos gracias al plan de seguridad establecido por los organizadores, se fue llenado [&hellip;]<\/p>\n","protected":false},"author":2,"featured_media":0,"comment_status":"closed","ping_status":"closed","sticky":false,"template":"","format":"standard","meta":{"footnotes":""},"categories":[15,11],"tags":[],"class_list":["post-5135","post","type-post","status-publish","format-standard","hentry","category-festejos","category-hoja-de-haria"],"_links":{"self":[{"href":"https:\/\/www.ayuntamientodeharia.com\/haria\/wp-json\/wp\/v2\/posts\/5135","targetHints":{"allow":["GET"]}}],"collection":[{"href":"https:\/\/www.ayuntamientodeharia.com\/haria\/wp-json\/wp\/v2\/posts"}],"about":[{"href":"https:\/\/www.ayuntamientodeharia.com\/haria\/wp-json\/wp\/v2\/types\/post"}],"author":[{"embeddable":true,"href":"https:\/\/www.ayuntamientodeharia.com\/haria\/wp-json\/wp\/v2\/users\/2"}],"replies":[{"embeddable":true,"href":"https:\/\/www.ayuntamientodeharia.com\/haria\/wp-json\/wp\/v2\/comments?post=5135"}],"version-history":[{"count":0,"href":"https:\/\/www.ayuntamientodeharia.com\/haria\/wp-json\/wp\/v2\/posts\/5135\/revisions"}],"wp:attachment":[{"href":"https:\/\/www.ayuntamientodeharia.com\/haria\/wp-json\/wp\/v2\/media?parent=5135"}],"wp:term":[{"taxonomy":"category","embeddable":true,"href":"https:\/\/www.ayuntamientodeharia.com\/haria\/wp-json\/wp\/v2\/categories?post=5135"},{"taxonomy":"post_tag","embeddable":true,"href":"https:\/\/www.ayuntamientodeharia.com\/haria\/wp-json\/wp\/v2\/tags?post=5135"}],"curies":[{"name":"wp","href":"https:\/\/api.w.org\/{rel}","templated":true}]}}