{"id":5133,"date":"2016-04-21T09:16:41","date_gmt":"2016-04-21T09:16:41","guid":{"rendered":"http:\/\/www.ayuntamientodeharia.com\/haria\/?p=5133"},"modified":"2016-04-21T09:16:41","modified_gmt":"2016-04-21T09:16:41","slug":"el-ayuntamiento-solicita-el-uso-racional-de-las-bocinas-a-las-navieras-que-operan-en-orzola","status":"publish","type":"post","link":"https:\/\/www.ayuntamientodeharia.com\/haria\/el-ayuntamiento-solicita-el-uso-racional-de-las-bocinas-a-las-navieras-que-operan-en-orzola\/","title":{"rendered":"El Ayuntamiento solicita el uso racional de las bocinas a las navieras que operan en \u00d3rzola"},"content":{"rendered":"<p>El Ayuntamiento de Har\u00eda se ha dirigido a las navieras que cubren el trayecto \u00d3rzola\u2013Caleta de Sebo para que reduzcan el uso de las bocinas durante la entrada y salida del puerto. Con ello se intenta que los vecinos de \u00d3rzola y los veraneantes no vean alterado su derecho al descanso, minimizando as\u00ed la contaminaci\u00f3n ac\u00fastica provocada por los reiterados bocinazos.<\/p>\n","protected":false},"excerpt":{"rendered":"<p>El Ayuntamiento de Har\u00eda se ha dirigido a las navieras que cubren el trayecto \u00d3rzola\u2013Caleta de Sebo para que reduzcan el uso de las bocinas durante la entrada y salida del puerto. Con ello se intenta que los vecinos de \u00d3rzola y los veraneantes no vean alterado su derecho al descanso, minimizando as\u00ed la contaminaci\u00f3n [&hellip;]<\/p>\n","protected":false},"author":2,"featured_media":0,"comment_status":"closed","ping_status":"closed","sticky":false,"template":"","format":"standard","meta":{"footnotes":""},"categories":[32,11],"tags":[],"class_list":["post-5133","post","type-post","status-publish","format-standard","hentry","category-anuncios","category-hoja-de-haria"],"_links":{"self":[{"href":"https:\/\/www.ayuntamientodeharia.com\/haria\/wp-json\/wp\/v2\/posts\/5133","targetHints":{"allow":["GET"]}}],"collection":[{"href":"https:\/\/www.ayuntamientodeharia.com\/haria\/wp-json\/wp\/v2\/posts"}],"about":[{"href":"https:\/\/www.ayuntamientodeharia.com\/haria\/wp-json\/wp\/v2\/types\/post"}],"author":[{"embeddable":true,"href":"https:\/\/www.ayuntamientodeharia.com\/haria\/wp-json\/wp\/v2\/users\/2"}],"replies":[{"embeddable":true,"href":"https:\/\/www.ayuntamientodeharia.com\/haria\/wp-json\/wp\/v2\/comments?post=5133"}],"version-history":[{"count":0,"href":"https:\/\/www.ayuntamientodeharia.com\/haria\/wp-json\/wp\/v2\/posts\/5133\/revisions"}],"wp:attachment":[{"href":"https:\/\/www.ayuntamientodeharia.com\/haria\/wp-json\/wp\/v2\/media?parent=5133"}],"wp:term":[{"taxonomy":"category","embeddable":true,"href":"https:\/\/www.ayuntamientodeharia.com\/haria\/wp-json\/wp\/v2\/categories?post=5133"},{"taxonomy":"post_tag","embeddable":true,"href":"https:\/\/www.ayuntamientodeharia.com\/haria\/wp-json\/wp\/v2\/tags?post=5133"}],"curies":[{"name":"wp","href":"https:\/\/api.w.org\/{rel}","templated":true}]}}