{"id":5131,"date":"2016-04-21T09:15:22","date_gmt":"2016-04-21T09:15:22","guid":{"rendered":"http:\/\/www.ayuntamientodeharia.com\/haria\/?p=5131"},"modified":"2016-04-21T09:15:22","modified_gmt":"2016-04-21T09:15:22","slug":"servicio-de-guagua-para-asistir-a-las-fiestas-de-la-caleta","status":"publish","type":"post","link":"https:\/\/www.ayuntamientodeharia.com\/haria\/servicio-de-guagua-para-asistir-a-las-fiestas-de-la-caleta\/","title":{"rendered":"Servicio de guagua para asistir a las Fiestas de La Caleta"},"content":{"rendered":"<p>La Concejal\u00eda de Festejos comunica que se pondr\u00e1 a disposici\u00f3n de los vecinos del municipio una guagua para asistir a la Fiestas de Famara, el pr\u00f3ximo s\u00e1bado, 30 de agosto. La salida est\u00e1 prevista a las 21:30 horas, desde la primera parada de guaguas de Arrieta, mientras que el regreso se realizar\u00e1 a las 5:00 horas de la madrugada del domingo desde el supermercado que se encuentra a la entrada del pueblo de La Caleta.<\/p>\n<p><!--more--><\/p>\n<p>&nbsp;<\/p>\n<p>Se recuerda a los asistentes que para utilizar este servicio de guagua deber\u00e1n ser mayores de 16 a\u00f1os y deber\u00e1n ir provistos del DNI.<\/p>\n","protected":false},"excerpt":{"rendered":"<p>La Concejal\u00eda de Festejos comunica que se pondr\u00e1 a disposici\u00f3n de los vecinos del municipio una guagua para asistir a la Fiestas de Famara, el pr\u00f3ximo s\u00e1bado, 30 de agosto. La salida est\u00e1 prevista a las 21:30 horas, desde la primera parada de guaguas de Arrieta, mientras que el regreso se realizar\u00e1 a las 5:00 [&hellip;]<\/p>\n","protected":false},"author":2,"featured_media":0,"comment_status":"closed","ping_status":"closed","sticky":false,"template":"","format":"standard","meta":{"footnotes":""},"categories":[15,11],"tags":[],"class_list":["post-5131","post","type-post","status-publish","format-standard","hentry","category-festejos","category-hoja-de-haria"],"_links":{"self":[{"href":"https:\/\/www.ayuntamientodeharia.com\/haria\/wp-json\/wp\/v2\/posts\/5131","targetHints":{"allow":["GET"]}}],"collection":[{"href":"https:\/\/www.ayuntamientodeharia.com\/haria\/wp-json\/wp\/v2\/posts"}],"about":[{"href":"https:\/\/www.ayuntamientodeharia.com\/haria\/wp-json\/wp\/v2\/types\/post"}],"author":[{"embeddable":true,"href":"https:\/\/www.ayuntamientodeharia.com\/haria\/wp-json\/wp\/v2\/users\/2"}],"replies":[{"embeddable":true,"href":"https:\/\/www.ayuntamientodeharia.com\/haria\/wp-json\/wp\/v2\/comments?post=5131"}],"version-history":[{"count":0,"href":"https:\/\/www.ayuntamientodeharia.com\/haria\/wp-json\/wp\/v2\/posts\/5131\/revisions"}],"wp:attachment":[{"href":"https:\/\/www.ayuntamientodeharia.com\/haria\/wp-json\/wp\/v2\/media?parent=5131"}],"wp:term":[{"taxonomy":"category","embeddable":true,"href":"https:\/\/www.ayuntamientodeharia.com\/haria\/wp-json\/wp\/v2\/categories?post=5131"},{"taxonomy":"post_tag","embeddable":true,"href":"https:\/\/www.ayuntamientodeharia.com\/haria\/wp-json\/wp\/v2\/tags?post=5131"}],"curies":[{"name":"wp","href":"https:\/\/api.w.org\/{rel}","templated":true}]}}