{"id":5127,"date":"2016-04-21T09:12:52","date_gmt":"2016-04-21T09:12:52","guid":{"rendered":"http:\/\/www.ayuntamientodeharia.com\/haria\/?p=5127"},"modified":"2016-04-21T09:12:52","modified_gmt":"2016-04-21T09:12:52","slug":"apertura-de-la-sala-de-recreativos-y-banos-adaptados-del-centro-democratico-de-maguez","status":"publish","type":"post","link":"https:\/\/www.ayuntamientodeharia.com\/haria\/apertura-de-la-sala-de-recreativos-y-banos-adaptados-del-centro-democratico-de-maguez\/","title":{"rendered":"Apertura de la sala de recreativos y ba\u00f1os adaptados del Centro Democr\u00e1tico de M\u00e1guez"},"content":{"rendered":"<p>El Centro Democr\u00e1tico de M\u00e1guez comunica que el viernes, 29 de agosto, a partir de las 22:00 horas, se pondr\u00e1n en servicio los ba\u00f1os adaptados y la sala de recreativos, por lo que invita a sus socios y p\u00fablico en general a una degustaci\u00f3n de paella que se realizar\u00e1 en el Bar de dicho Centro amenizada por el grupo Bienmesabe.<\/p>\n","protected":false},"excerpt":{"rendered":"<p>El Centro Democr\u00e1tico de M\u00e1guez comunica que el viernes, 29 de agosto, a partir de las 22:00 horas, se pondr\u00e1n en servicio los ba\u00f1os adaptados y la sala de recreativos, por lo que invita a sus socios y p\u00fablico en general a una degustaci\u00f3n de paella que se realizar\u00e1 en el Bar de dicho Centro [&hellip;]<\/p>\n","protected":false},"author":2,"featured_media":0,"comment_status":"closed","ping_status":"closed","sticky":false,"template":"","format":"standard","meta":{"footnotes":""},"categories":[11,81],"tags":[],"class_list":["post-5127","post","type-post","status-publish","format-standard","hentry","category-hoja-de-haria","category-municipio"],"_links":{"self":[{"href":"https:\/\/www.ayuntamientodeharia.com\/haria\/wp-json\/wp\/v2\/posts\/5127","targetHints":{"allow":["GET"]}}],"collection":[{"href":"https:\/\/www.ayuntamientodeharia.com\/haria\/wp-json\/wp\/v2\/posts"}],"about":[{"href":"https:\/\/www.ayuntamientodeharia.com\/haria\/wp-json\/wp\/v2\/types\/post"}],"author":[{"embeddable":true,"href":"https:\/\/www.ayuntamientodeharia.com\/haria\/wp-json\/wp\/v2\/users\/2"}],"replies":[{"embeddable":true,"href":"https:\/\/www.ayuntamientodeharia.com\/haria\/wp-json\/wp\/v2\/comments?post=5127"}],"version-history":[{"count":0,"href":"https:\/\/www.ayuntamientodeharia.com\/haria\/wp-json\/wp\/v2\/posts\/5127\/revisions"}],"wp:attachment":[{"href":"https:\/\/www.ayuntamientodeharia.com\/haria\/wp-json\/wp\/v2\/media?parent=5127"}],"wp:term":[{"taxonomy":"category","embeddable":true,"href":"https:\/\/www.ayuntamientodeharia.com\/haria\/wp-json\/wp\/v2\/categories?post=5127"},{"taxonomy":"post_tag","embeddable":true,"href":"https:\/\/www.ayuntamientodeharia.com\/haria\/wp-json\/wp\/v2\/tags?post=5127"}],"curies":[{"name":"wp","href":"https:\/\/api.w.org\/{rel}","templated":true}]}}