{"id":5125,"date":"2016-04-21T09:12:05","date_gmt":"2016-04-21T09:12:05","guid":{"rendered":"http:\/\/www.ayuntamientodeharia.com\/haria\/?p=5125"},"modified":"2016-04-21T09:12:05","modified_gmt":"2016-04-21T09:12:05","slug":"cierre-de-los-caminos-de-los-castillejos-y-los-llanos-por-mejoras-en-la-red-de-abastecimiento-de-agua","status":"publish","type":"post","link":"https:\/\/www.ayuntamientodeharia.com\/haria\/cierre-de-los-caminos-de-los-castillejos-y-los-llanos-por-mejoras-en-la-red-de-abastecimiento-de-agua\/","title":{"rendered":"Cierre de los caminos de Los Castillejos y Los Llanos por mejoras en la red de abastecimiento de agua"},"content":{"rendered":"<p>Una semana m\u00e1s, y debido a la realizaci\u00f3n de obras de acondicionamiento y mejora en la red de suministro de agua agr\u00edcola, permanecer\u00e1 cerrado al tr\u00e1fico el camino rural de Los Castillejos, mientras que el camino de Los Llanos, pr\u00f3ximo al pueblo de Guinate, se clausurar\u00e1 al tr\u00e1fico del 1 al 5 de septiembre y del 8 al 12 de septiembre.<\/p>\n","protected":false},"excerpt":{"rendered":"<p>Una semana m\u00e1s, y debido a la realizaci\u00f3n de obras de acondicionamiento y mejora en la red de suministro de agua agr\u00edcola, permanecer\u00e1 cerrado al tr\u00e1fico el camino rural de Los Castillejos, mientras que el camino de Los Llanos, pr\u00f3ximo al pueblo de Guinate, se clausurar\u00e1 al tr\u00e1fico del 1 al 5 de septiembre y [&hellip;]<\/p>\n","protected":false},"author":2,"featured_media":0,"comment_status":"closed","ping_status":"closed","sticky":false,"template":"","format":"standard","meta":{"footnotes":""},"categories":[11,23],"tags":[],"class_list":["post-5125","post","type-post","status-publish","format-standard","hentry","category-hoja-de-haria","category-obras-y-servicios"],"_links":{"self":[{"href":"https:\/\/www.ayuntamientodeharia.com\/haria\/wp-json\/wp\/v2\/posts\/5125","targetHints":{"allow":["GET"]}}],"collection":[{"href":"https:\/\/www.ayuntamientodeharia.com\/haria\/wp-json\/wp\/v2\/posts"}],"about":[{"href":"https:\/\/www.ayuntamientodeharia.com\/haria\/wp-json\/wp\/v2\/types\/post"}],"author":[{"embeddable":true,"href":"https:\/\/www.ayuntamientodeharia.com\/haria\/wp-json\/wp\/v2\/users\/2"}],"replies":[{"embeddable":true,"href":"https:\/\/www.ayuntamientodeharia.com\/haria\/wp-json\/wp\/v2\/comments?post=5125"}],"version-history":[{"count":0,"href":"https:\/\/www.ayuntamientodeharia.com\/haria\/wp-json\/wp\/v2\/posts\/5125\/revisions"}],"wp:attachment":[{"href":"https:\/\/www.ayuntamientodeharia.com\/haria\/wp-json\/wp\/v2\/media?parent=5125"}],"wp:term":[{"taxonomy":"category","embeddable":true,"href":"https:\/\/www.ayuntamientodeharia.com\/haria\/wp-json\/wp\/v2\/categories?post=5125"},{"taxonomy":"post_tag","embeddable":true,"href":"https:\/\/www.ayuntamientodeharia.com\/haria\/wp-json\/wp\/v2\/tags?post=5125"}],"curies":[{"name":"wp","href":"https:\/\/api.w.org\/{rel}","templated":true}]}}