{"id":5123,"date":"2016-04-21T09:11:23","date_gmt":"2016-04-21T09:11:23","guid":{"rendered":"http:\/\/www.ayuntamientodeharia.com\/haria\/?p=5123"},"modified":"2016-04-21T09:11:23","modified_gmt":"2016-04-21T09:11:23","slug":"excursion-por-la-isla-para-los-mayores-del-municipio-2","status":"publish","type":"post","link":"https:\/\/www.ayuntamientodeharia.com\/haria\/excursion-por-la-isla-para-los-mayores-del-municipio-2\/","title":{"rendered":"Excursi\u00f3n por la Isla para los mayores del municipio"},"content":{"rendered":"<p>La Concejal\u00eda de Servicios Sociales organiza una excursi\u00f3n para los mayores del municipio el viernes, 12 de septiembre, para visitar el mercadillo de Puerto del Carmen, Puerto Calero y la Feria Insular de Artesan\u00eda, en Mancha Blanca. Al finalizar, disfrutar\u00e1n de un almuerzo y baile.<\/p>\n<p>&nbsp;<\/p>\n<p>La guagua saldr\u00e1 a las 9:30 horas, desde las paradas habituales, y el regreso se realizar\u00e1 a las 18:00 horas. Los mayores interesados en asistir a la excursi\u00f3n deber\u00e1n inscribirse en el Centro de la Tercera Edad llamando al 928 835 633, de lunes a viernes, de 9:00 a 14:00 horas, antes del 10 de septiembre.<\/p>\n","protected":false},"excerpt":{"rendered":"<p>La Concejal\u00eda de Servicios Sociales organiza una excursi\u00f3n para los mayores del municipio el viernes, 12 de septiembre, para visitar el mercadillo de Puerto del Carmen, Puerto Calero y la Feria Insular de Artesan\u00eda, en Mancha Blanca. Al finalizar, disfrutar\u00e1n de un almuerzo y baile. &nbsp; La guagua saldr\u00e1 a las 9:30 horas, desde las [&hellip;]<\/p>\n","protected":false},"author":2,"featured_media":0,"comment_status":"closed","ping_status":"closed","sticky":false,"template":"","format":"standard","meta":{"footnotes":""},"categories":[11,61],"tags":[],"class_list":["post-5123","post","type-post","status-publish","format-standard","hentry","category-hoja-de-haria","category-tercera-edad"],"_links":{"self":[{"href":"https:\/\/www.ayuntamientodeharia.com\/haria\/wp-json\/wp\/v2\/posts\/5123","targetHints":{"allow":["GET"]}}],"collection":[{"href":"https:\/\/www.ayuntamientodeharia.com\/haria\/wp-json\/wp\/v2\/posts"}],"about":[{"href":"https:\/\/www.ayuntamientodeharia.com\/haria\/wp-json\/wp\/v2\/types\/post"}],"author":[{"embeddable":true,"href":"https:\/\/www.ayuntamientodeharia.com\/haria\/wp-json\/wp\/v2\/users\/2"}],"replies":[{"embeddable":true,"href":"https:\/\/www.ayuntamientodeharia.com\/haria\/wp-json\/wp\/v2\/comments?post=5123"}],"version-history":[{"count":0,"href":"https:\/\/www.ayuntamientodeharia.com\/haria\/wp-json\/wp\/v2\/posts\/5123\/revisions"}],"wp:attachment":[{"href":"https:\/\/www.ayuntamientodeharia.com\/haria\/wp-json\/wp\/v2\/media?parent=5123"}],"wp:term":[{"taxonomy":"category","embeddable":true,"href":"https:\/\/www.ayuntamientodeharia.com\/haria\/wp-json\/wp\/v2\/categories?post=5123"},{"taxonomy":"post_tag","embeddable":true,"href":"https:\/\/www.ayuntamientodeharia.com\/haria\/wp-json\/wp\/v2\/tags?post=5123"}],"curies":[{"name":"wp","href":"https:\/\/api.w.org\/{rel}","templated":true}]}}