{"id":5121,"date":"2016-04-21T09:10:16","date_gmt":"2016-04-21T09:10:16","guid":{"rendered":"http:\/\/www.ayuntamientodeharia.com\/haria\/?p=5121"},"modified":"2016-04-21T09:10:16","modified_gmt":"2016-04-21T09:10:16","slug":"presentacion-de-la-web-sobre-los-pregones-de-san-bartolome","status":"publish","type":"post","link":"https:\/\/www.ayuntamientodeharia.com\/haria\/presentacion-de-la-web-sobre-los-pregones-de-san-bartolome\/","title":{"rendered":"Presentaci\u00f3n de la web sobre los pregones de San Bartolom\u00e9"},"content":{"rendered":"<p><a href=\"http:\/\/www.ayuntamientodeharia.com\/haria\/wp-content\/uploads\/2016\/04\/pregones.jpg\"><img decoding=\"async\" class=\"alignleft  wp-image-5105\" src=\"http:\/\/www.ayuntamientodeharia.com\/haria\/wp-content\/uploads\/2016\/04\/pregones-300x144.jpg\" alt=\"pregones\" width=\"268\" height=\"135\" \/><\/a>Jes\u00fas Perdomo Ram\u00edrez y \u00d3scar Torres Perdomo, creadores de la web www.historiadeharia.com, han iniciado una nueva andadura poniendo en marcha la p\u00e1gina www.pregonesdesanbartolome.wordpress. com, donde recogen no s\u00f3lo los pregones realizados en el municipio de San Bartolom\u00e9, sino tambi\u00e9n las investigaciones y aspectos hist\u00f3ricos m\u00e1s destacados y representativos del municipio.<\/p>\n<p><!--more--><\/p>\n<p>&nbsp;<\/p>\n<p>La presentaci\u00f3n de esta nueva web se realiz\u00f3 el pasado martes, 19 de agosto, en la Casa Cerde\u00f1a de San Bartolom\u00e9. Desde Ayuntamiento de Har\u00eda se quiere felicitar a estos dos harianos de pro, que con su constante labor de recuperaci\u00f3n y difusi\u00f3n de nuestra historia est\u00e1n contribuyendo a mantener viva la memoria hist\u00f3rica de la isla de Lanzarote.<\/p>\n","protected":false},"excerpt":{"rendered":"<p>Jes\u00fas Perdomo Ram\u00edrez y \u00d3scar Torres Perdomo, creadores de la web www.historiadeharia.com, han iniciado una nueva andadura poniendo en marcha la p\u00e1gina www.pregonesdesanbartolome.wordpress. com, donde recogen no s\u00f3lo los pregones realizados en el municipio de San Bartolom\u00e9, sino tambi\u00e9n las investigaciones y aspectos hist\u00f3ricos m\u00e1s destacados y representativos del municipio.<\/p>\n","protected":false},"author":2,"featured_media":0,"comment_status":"closed","ping_status":"closed","sticky":false,"template":"","format":"standard","meta":{"footnotes":""},"categories":[11],"tags":[],"class_list":["post-5121","post","type-post","status-publish","format-standard","hentry","category-hoja-de-haria"],"_links":{"self":[{"href":"https:\/\/www.ayuntamientodeharia.com\/haria\/wp-json\/wp\/v2\/posts\/5121","targetHints":{"allow":["GET"]}}],"collection":[{"href":"https:\/\/www.ayuntamientodeharia.com\/haria\/wp-json\/wp\/v2\/posts"}],"about":[{"href":"https:\/\/www.ayuntamientodeharia.com\/haria\/wp-json\/wp\/v2\/types\/post"}],"author":[{"embeddable":true,"href":"https:\/\/www.ayuntamientodeharia.com\/haria\/wp-json\/wp\/v2\/users\/2"}],"replies":[{"embeddable":true,"href":"https:\/\/www.ayuntamientodeharia.com\/haria\/wp-json\/wp\/v2\/comments?post=5121"}],"version-history":[{"count":0,"href":"https:\/\/www.ayuntamientodeharia.com\/haria\/wp-json\/wp\/v2\/posts\/5121\/revisions"}],"wp:attachment":[{"href":"https:\/\/www.ayuntamientodeharia.com\/haria\/wp-json\/wp\/v2\/media?parent=5121"}],"wp:term":[{"taxonomy":"category","embeddable":true,"href":"https:\/\/www.ayuntamientodeharia.com\/haria\/wp-json\/wp\/v2\/categories?post=5121"},{"taxonomy":"post_tag","embeddable":true,"href":"https:\/\/www.ayuntamientodeharia.com\/haria\/wp-json\/wp\/v2\/tags?post=5121"}],"curies":[{"name":"wp","href":"https:\/\/api.w.org\/{rel}","templated":true}]}}