{"id":5119,"date":"2016-04-21T09:09:03","date_gmt":"2016-04-21T09:09:03","guid":{"rendered":"http:\/\/www.ayuntamientodeharia.com\/haria\/?p=5119"},"modified":"2016-04-21T09:09:03","modified_gmt":"2016-04-21T09:09:03","slug":"fiestas-de-nuestra-senora-del-pino-punta-mujeres","status":"publish","type":"post","link":"https:\/\/www.ayuntamientodeharia.com\/haria\/fiestas-de-nuestra-senora-del-pino-punta-mujeres\/","title":{"rendered":"Fiestas de Nuestra Se\u00f1ora del Pino \u2013 Punta Mujeres"},"content":{"rendered":"<p><strong>Viernes, 29 de agosto <\/strong><\/p>\n<p>&nbsp;<\/p>\n<p><em>17:30 h.<\/em>&#8211; Pasacalles con salida desde el Centro Sociocultural El Marinero.<\/p>\n<p>&nbsp;<\/p>\n<p><em>21:30 h.<\/em>&#8211; Velada de Boxeo en el Recinto Ferial.<\/p>\n<p>&nbsp;<\/p>\n<p><strong>S\u00e1bado, 30 de agosto <\/strong><\/p>\n<p>&nbsp;<\/p>\n<p><em>11:00 h.<\/em>&#8211; Taller de Socorrismo en el muelle.<\/p>\n<p><!--more--><\/p>\n<p>&nbsp;<\/p>\n<p><em>12:00 h<\/em>.- Fiesta Acu\u00e1tica con hinchables, piraguas, juegos acu\u00e1ticos, DJ, f\u00fatbol 3&#215;3, quemado y otras actividades en el muelle.<\/p>\n<p>&nbsp;<\/p>\n<p><em>16:00 h<\/em>.- Aquatl\u00f3n en el muelle.<\/p>\n<p>&nbsp;<\/p>\n<p><em>19:30 h<\/em>.- M\u00e1ster class de zumba en el muelle.<\/p>\n<p>&nbsp;<\/p>\n<p><em> 20:00 h<\/em>.- Sorteo y comienzo del Campeonato de Truco en el Centro Sociocultural El Marinero.<\/p>\n<p>&nbsp;<\/p>\n<p><strong>Domingo, 31 de agosto <\/strong><\/p>\n<p>&nbsp;<\/p>\n<p><em>17:30 h<\/em>.- Sorteo y comienzo del Campeonato de Chinch\u00f3n en el Centro Sociocultural El Marinero.<\/p>\n<p>&nbsp;<\/p>\n<p><em>21:30 h<\/em>.- Proyecci\u00f3n de pel\u00edcula para todos los p\u00fablicos en el Centro Sociocultural El Marinero.<\/p>\n<p>&nbsp;<\/p>\n<p><strong>Lunes, 1 de septiembre <\/strong><\/p>\n<p>&nbsp;<\/p>\n<p><em>11:00 h<\/em>.- Actividades infantiles en el Centro Sociocultural El Marinero.<\/p>\n<p>&nbsp;<\/p>\n<p><em>17:00 h.<\/em>&#8211; Concurso de Reposter\u00eda en el Centro Sociocultural El Marinero.<\/p>\n<p>&nbsp;<\/p>\n<p><em> 21:30 h<\/em>.- Playback en el Recinto Ferial.<\/p>\n<p>&nbsp;<\/p>\n<p><strong> Martes, 2 de septiembre <\/strong><\/p>\n<p>&nbsp;<\/p>\n<p><em>11:00 h<\/em>.- Actividades infantiles en el Centro Sociocultural El Marinero.<\/p>\n<p>&nbsp;<\/p>\n<p><em>16:00 h.<\/em>&#8211; Juego deportivo competitivo de habilidades y fuerza, organizado por Northtrain, en el Centro Sociocultural El Marinero y el muelle. La inscripci\u00f3n se realizar\u00e1 en el gimnasio ubicado en calle Pared del Agua de Punta Mujeres, antes del 30 de agosto.<\/p>\n<p>&nbsp;<\/p>\n<p><em> 21:00 h<\/em>.- Pase de modelos patrocinado por la Boutique Amanda y actuaci\u00f3n de los alumnos de la Escuela de Bailes Latinos El Norte Dance en el Recinto Ferial.<\/p>\n<p>&nbsp;<\/p>\n<p><strong>Mi\u00e9rcoles, 3 de septiembre <\/strong><\/p>\n<p>&nbsp;<\/p>\n<p><em>11:00 h.-<\/em> Actividades infantiles en el Centro Sociocultural El Marinero.<\/p>\n<p>&nbsp;<\/p>\n<p><em>18:00 h.<\/em>&#8211; Bingo Sorpresa en el Recinto Ferial<\/p>\n<p>&nbsp;<\/p>\n<p><em> 21:30 h.<\/em>&#8211; Noche Canaria amenizada por parrandas y la quema de los Costeros en el Recinto Ferial.<\/p>\n<p>&nbsp;<\/p>\n<p><strong>Jueves, 4 de septiembre<\/strong><\/p>\n<p>&nbsp;<\/p>\n<p><em> 11:00 h<\/em>: Actividades infantiles en el Centro Sociocultural El Marinero.<\/p>\n<p>&nbsp;<\/p>\n<p><em>17:00 h<\/em>.- Hinkana de carretillas en el Recinto Ferial.<\/p>\n<p>&nbsp;<\/p>\n<p><em>18:00 h<\/em>.- Sorteo y comienzo del Campeonato de Cinquillo en el Centro Sociocultural El Marinero.<\/p>\n<p>&nbsp;<\/p>\n<p><em>20:30 h<\/em>.- Actuaci\u00f3n de Daniel Mois\u00e9s con su espect\u00e1culo \u2018Recuerdos cl\u00e1sicos\u2019. A continuaci\u00f3n, concierto a cargo del grupo Treintaytantos, fiesta DJ con la participaci\u00f3n del DJ FURRE y DJ FOONFI &amp; HECTI BOX en el Recinto Ferial.<\/p>\n<p>&nbsp;<\/p>\n<p><strong>Viernes. 5 de septiembre <\/strong><\/p>\n<p>&nbsp;<\/p>\n<p><em>11:00 h<\/em>.- Actividades infantiles en el Centro Sociocultural El Marinero.<\/p>\n<p>&nbsp;<\/p>\n<p><em>17:30 h<\/em>.- Inauguraci\u00f3n de la exposici\u00f3n de fotograf\u00edas presentadas al concurso \u2018Mis actividades de verano\u2019, que podr\u00e1 ser visitada hasta el 27 de septiembre en el Centro Sociocultural El Marinero. `\u00a1La Casa Vac\u00eda!\u00b4<\/p>\n<p>&nbsp;<\/p>\n<p><em>17:00 h.<\/em>&#8211; Actuaci\u00f3n de payasos.<\/p>\n<p>&nbsp;<\/p>\n<p><em>18:00 h<\/em>.- Teatro de Marionetas.<\/p>\n<p>&nbsp;<\/p>\n<p><em>19:00 h<\/em>.- Actuaci\u00f3n de Pepe Benavente.<\/p>\n<p>&nbsp;<\/p>\n<p><em>20:30 h<\/em>.- Actuaci\u00f3n del grupo Los Lolas.<\/p>\n<p>&nbsp;<\/p>\n<p><em>22:30 h.<\/em>&#8211; Verbena popular amenizada por Suso y Familia de Lanzarote y G\u00fcira Latina de Gran Canaria. Todos estos actos se realizar\u00e1n en el Recinto Ferial.<\/p>\n<p>&nbsp;<\/p>\n<p><strong>S\u00e1bado, 6 de septiembre: <\/strong><\/p>\n<p>&nbsp;<\/p>\n<p><em>17:30 h.<\/em>&#8211; Romer\u00eda Marinera en honor a Nuestra Se\u00f1ora del Pino, acompa\u00f1ada de chalanas engalanadas y parrandas. Salida desde las inmediaciones de la Punta del Burro. A continuaci\u00f3n, Baile de Marineros amenizado por la parranda Los Gurfines.<\/p>\n<p>&nbsp;<\/p>\n<p><em>22:00 h<\/em>.- Verbena popular amenizada por Suso y Familia de Lanzarote y G\u00fcira Latina de Gran Canaria en el Recinto Ferial.<\/p>\n<p><strong>Domingo. 7 de septiembre: \u2018Party Pm\u2019 <\/strong><\/p>\n<p>&nbsp;<\/p>\n<p><em>12:00 h<\/em>.- \u00a1Ventorrilleando! Tapas, refrescos y ca\u00f1as a 1 euro. Fiesta de la espuma amenizada por Rafael Flores \u2018El Morocho\u2019, G\u00fcira Latina, y DJ Furre, en el Recinto Ferial. Lunes, 8 de septiembre:<\/p>\n<p>&nbsp;<\/p>\n<p><em> 19:00 h.-<\/em> Misa y procesi\u00f3n por las calle del pueblo.<\/p>\n<p>&nbsp;<\/p>\n<p>&nbsp;<\/p>\n","protected":false},"excerpt":{"rendered":"<p>Viernes, 29 de agosto &nbsp; 17:30 h.&#8211; Pasacalles con salida desde el Centro Sociocultural El Marinero. &nbsp; 21:30 h.&#8211; Velada de Boxeo en el Recinto Ferial. &nbsp; S\u00e1bado, 30 de agosto &nbsp; 11:00 h.&#8211; Taller de Socorrismo en el muelle.<\/p>\n","protected":false},"author":2,"featured_media":0,"comment_status":"closed","ping_status":"closed","sticky":false,"template":"","format":"standard","meta":{"footnotes":""},"categories":[15,11],"tags":[],"class_list":["post-5119","post","type-post","status-publish","format-standard","hentry","category-festejos","category-hoja-de-haria"],"_links":{"self":[{"href":"https:\/\/www.ayuntamientodeharia.com\/haria\/wp-json\/wp\/v2\/posts\/5119","targetHints":{"allow":["GET"]}}],"collection":[{"href":"https:\/\/www.ayuntamientodeharia.com\/haria\/wp-json\/wp\/v2\/posts"}],"about":[{"href":"https:\/\/www.ayuntamientodeharia.com\/haria\/wp-json\/wp\/v2\/types\/post"}],"author":[{"embeddable":true,"href":"https:\/\/www.ayuntamientodeharia.com\/haria\/wp-json\/wp\/v2\/users\/2"}],"replies":[{"embeddable":true,"href":"https:\/\/www.ayuntamientodeharia.com\/haria\/wp-json\/wp\/v2\/comments?post=5119"}],"version-history":[{"count":0,"href":"https:\/\/www.ayuntamientodeharia.com\/haria\/wp-json\/wp\/v2\/posts\/5119\/revisions"}],"wp:attachment":[{"href":"https:\/\/www.ayuntamientodeharia.com\/haria\/wp-json\/wp\/v2\/media?parent=5119"}],"wp:term":[{"taxonomy":"category","embeddable":true,"href":"https:\/\/www.ayuntamientodeharia.com\/haria\/wp-json\/wp\/v2\/categories?post=5119"},{"taxonomy":"post_tag","embeddable":true,"href":"https:\/\/www.ayuntamientodeharia.com\/haria\/wp-json\/wp\/v2\/tags?post=5119"}],"curies":[{"name":"wp","href":"https:\/\/api.w.org\/{rel}","templated":true}]}}