{"id":5110,"date":"2016-04-21T08:49:50","date_gmt":"2016-04-21T08:49:50","guid":{"rendered":"http:\/\/www.ayuntamientodeharia.com\/haria\/?p=5110"},"modified":"2016-04-21T08:49:50","modified_gmt":"2016-04-21T08:49:50","slug":"el-mirador-de-guatifay-17","status":"publish","type":"post","link":"https:\/\/www.ayuntamientodeharia.com\/haria\/el-mirador-de-guatifay-17\/","title":{"rendered":"El Mirador de Guatifay"},"content":{"rendered":"<p><a style=\"font-weight: inherit; font-style: inherit; color: #1b8be0;\" href=\"http:\/\/www.ayuntamientodeharia.com\/haria\/wp-content\/uploads\/2016\/01\/gregorio.jpg\"><img decoding=\"async\" class=\"alignleft  wp-image-3454\" style=\"font-weight: inherit; font-style: inherit; color: inherit;\" src=\"http:\/\/www.ayuntamientodeharia.com\/haria\/wp-content\/uploads\/2016\/01\/gregorio-246x300.jpg\" alt=\"gregorio\" width=\"114\" height=\"138\" srcset=\"https:\/\/www.ayuntamientodeharia.com\/haria\/wp-content\/uploads\/2016\/01\/gregorio-246x300.jpg 246w, https:\/\/www.ayuntamientodeharia.com\/haria\/wp-content\/uploads\/2016\/01\/gregorio.jpg 249w\" sizes=\"(max-width: 114px) 100vw, 114px\" \/><\/a><\/p>\n<p><strong style=\"font-weight: bold; font-style: inherit; color: inherit;\">Por Gregorio Barreto Vi\u00f1oly<\/strong><\/p>\n<p>&nbsp;<\/p>\n<p>&nbsp;<\/p>\n<h6 style=\"font-weight: inherit;\"><strong>P\u00e1gina web de pregones e historia de San Bartolom\u00e9<\/strong><\/h6>\n<p>El pasado d\u00eda 19 de agosto fue presentada en el municipio de San Bartolom\u00e9, concretamente en la Bodeguita de la Casa de Cerde- \u00f1a, una bonita, extensa y plagada de contenidos p\u00e1gina web elaborada y presentada por sus propios autores, Don \u00d3scar Torres Perdomo y Don Jes\u00fas Perdomo Ram\u00edrez, conteniendo en primer lugar los numerosos pregones que han sido le\u00eddos en San Bartolom\u00e9, coincidentes con sus fiestas patronales y de algunos de sus pueblos, pero que tambi\u00e9n tiene referencias a personajes importantes del municipio, con introducci\u00f3n por otra parte en la historia general del mismo, con muchos datos de los distintos pueblos que integran la jurisdicci\u00f3n municipal.<\/p>\n<p><!--more--><\/p>\n<p>&nbsp;<\/p>\n<p>Esta p\u00e1gina web se empez\u00f3 a elaborar con la intenci\u00f3n de recopilar, mediante una ardua b\u00fasqueda, el contenido de todos los pregones que se han le\u00eddo en las fiestas del municipio de San Bartolom\u00e9, pero luego se ha querido introducir muchos datos referentes a antecedentes o episodios importantes que constan en los archivos de los autores de esta p\u00e1gina.<\/p>\n<p>&nbsp;<\/p>\n<p>El aforo se complet\u00f3, as\u00ed que la convocatoria cumpli\u00f3 sus objetivos, de lo que quedaron muy contentos y agradecidos los protagonistas de este ingente trabajo, as\u00ed como la alcaldesa de San Bartolom\u00e9, Do\u00f1a Mar\u00eda Dolores Corujo, que qued\u00f3 sorprendida y contenta ante la gran cantidad de datos de que consta la p\u00e1gina.<\/p>\n<p>&nbsp;<\/p>\n<p>Creo que este equipo de amantes de la historia cercana se merece el mayor de los elogios y aplausos, porque gracias a gente como esta se reconstruye la historia general de nuestro entorno, y este equipo, gracias a Dios, ha contado con los avances t\u00e9cnicos que nos brinda la inform\u00e1tica, que hoy nos gu\u00eda para todo, y que han sabido aprovechar.<\/p>\n<p>&nbsp;<\/p>\n<p>Muchos sabemos de las innumerables p\u00e1ginas web que ya ha elaborado \u00d3scar Torres Perdomo, a nivel particular, de escuela, de rondallas y otros, con un incansable esfuerzo, ello gracias a la gran colaboraci\u00f3n aportada por su compa\u00f1ero Jes\u00fas Perdomo Ram\u00edrez. Sobresalen los trabajos de la elaboraci\u00f3n de la p\u00e1gina web del municipio de Har\u00eda y del pueblo de M\u00e1guez. Muchas felicidades por ello les damos a los dos, y les animamos a que sigan con ese gran entusiasmo que les gu\u00eda actualmente, y todav\u00eda les queda mucho futuro por delante y mucho pueden hacer.<\/p>\n<p>&nbsp;<\/p>\n<p>La direcci\u00f3n de esta p\u00e1gina es http:\/\/pregonesdesanbartolome.Wordspres.com.<\/p>\n<p><strong>Margarita Barrera Luzardo, nueva centenaria de Har\u00eda<\/strong><\/p>\n<p>&nbsp;<\/p>\n<p>El municipio de Har\u00eda tiene la satisfacci\u00f3n de contar con una nueva centenaria, como es la nativa hariana Do\u00f1a Margarita Barrera Luzardo, que naci\u00f3 el d\u00eda 20 de agosto de 1914, con una familia de ocho hermanos, la cual vive actualmente en Arrecife, siendo viuda de Don Juli\u00e1n Luzardo N\u00fa\u00f1ez, teniendo varios hijos.<\/p>\n<p>&nbsp;<\/p>\n<p>Le felicitamos por este cumplea\u00f1os, dese\u00e1ndole siga cumpliendo muchos m\u00e1s.<\/p>\n<p>&nbsp;<\/p>\n<p>Do\u00f1a Margarita Barrera Luzardo fue una persona muy luchadora desde su ni\u00f1ez y tuvo que ayudar a su padre, Don Prudencio Barrera Mart\u00edn, a hacer y vender el pan por Har\u00eda y los pueblos del Municipio, ese pan redondo, sabroso y muy apetecido.<\/p>\n","protected":false},"excerpt":{"rendered":"<p>Por Gregorio Barreto Vi\u00f1oly &nbsp; &nbsp; P\u00e1gina web de pregones e historia de San Bartolom\u00e9 El pasado d\u00eda 19 de agosto fue presentada en el municipio de San Bartolom\u00e9, concretamente en la Bodeguita de la Casa de Cerde- \u00f1a, una bonita, extensa y plagada de contenidos p\u00e1gina web elaborada y presentada por sus propios autores, [&hellip;]<\/p>\n","protected":false},"author":2,"featured_media":0,"comment_status":"closed","ping_status":"closed","sticky":false,"template":"","format":"standard","meta":{"footnotes":""},"categories":[118,11],"tags":[],"class_list":["post-5110","post","type-post","status-publish","format-standard","hentry","category-el-mirador-de-guatifay","category-hoja-de-haria"],"_links":{"self":[{"href":"https:\/\/www.ayuntamientodeharia.com\/haria\/wp-json\/wp\/v2\/posts\/5110","targetHints":{"allow":["GET"]}}],"collection":[{"href":"https:\/\/www.ayuntamientodeharia.com\/haria\/wp-json\/wp\/v2\/posts"}],"about":[{"href":"https:\/\/www.ayuntamientodeharia.com\/haria\/wp-json\/wp\/v2\/types\/post"}],"author":[{"embeddable":true,"href":"https:\/\/www.ayuntamientodeharia.com\/haria\/wp-json\/wp\/v2\/users\/2"}],"replies":[{"embeddable":true,"href":"https:\/\/www.ayuntamientodeharia.com\/haria\/wp-json\/wp\/v2\/comments?post=5110"}],"version-history":[{"count":0,"href":"https:\/\/www.ayuntamientodeharia.com\/haria\/wp-json\/wp\/v2\/posts\/5110\/revisions"}],"wp:attachment":[{"href":"https:\/\/www.ayuntamientodeharia.com\/haria\/wp-json\/wp\/v2\/media?parent=5110"}],"wp:term":[{"taxonomy":"category","embeddable":true,"href":"https:\/\/www.ayuntamientodeharia.com\/haria\/wp-json\/wp\/v2\/categories?post=5110"},{"taxonomy":"post_tag","embeddable":true,"href":"https:\/\/www.ayuntamientodeharia.com\/haria\/wp-json\/wp\/v2\/tags?post=5110"}],"curies":[{"name":"wp","href":"https:\/\/api.w.org\/{rel}","templated":true}]}}