{"id":5099,"date":"2016-04-21T08:26:21","date_gmt":"2016-04-21T08:26:21","guid":{"rendered":"http:\/\/www.ayuntamientodeharia.com\/haria\/?p=5099"},"modified":"2016-04-21T08:26:21","modified_gmt":"2016-04-21T08:26:21","slug":"la-haria-extreme-se-promociona-en-la-carrera-francesa-ultra-trail-du-mont-blanc","status":"publish","type":"post","link":"https:\/\/www.ayuntamientodeharia.com\/haria\/la-haria-extreme-se-promociona-en-la-carrera-francesa-ultra-trail-du-mont-blanc\/","title":{"rendered":"La \u2018Har\u00eda Extreme\u2019 se promociona en la carrera francesa \u2018Ultra Trail du Mont Blanc\u2019"},"content":{"rendered":"<p><a href=\"http:\/\/www.ayuntamientodeharia.com\/haria\/wp-content\/uploads\/2016\/04\/haria-extreme6.jpg\"><img fetchpriority=\"high\" decoding=\"async\" class=\"alignleft size-medium wp-image-5072\" src=\"http:\/\/www.ayuntamientodeharia.com\/haria\/wp-content\/uploads\/2016\/04\/haria-extreme6-300x184.jpg\" alt=\"haria extreme\" width=\"300\" height=\"184\" srcset=\"https:\/\/www.ayuntamientodeharia.com\/haria\/wp-content\/uploads\/2016\/04\/haria-extreme6-300x184.jpg 300w, https:\/\/www.ayuntamientodeharia.com\/haria\/wp-content\/uploads\/2016\/04\/haria-extreme6-1024x628.jpg 1024w, https:\/\/www.ayuntamientodeharia.com\/haria\/wp-content\/uploads\/2016\/04\/haria-extreme6.jpg 1092w\" sizes=\"(max-width: 300px) 100vw, 300px\" \/><\/a>La carrera por monta\u00f1a \u2018Har\u00eda Extreme\u2019 ha vuelto a centrar la atenci\u00f3n del p\u00fablico en la \u2018Ultra Trail du Mont Blanc\u2019 (UTMB) celebrada, del 25 al 31 de agosto, en la localidad de Chamonix (Francia).<\/p>\n<p>&nbsp;<\/p>\n<p>Por segundo a\u00f1o consecutivo el stand promocional de la \u2018Har\u00eda Extreme\u2019 sorprende a los asistentes por las caracter\u00edsticas y belleza del recorrido.<\/p>\n<p><!--more--><\/p>\n<p>&nbsp;<\/p>\n<p>M\u00e1s de 7.000 personas han recibido informaci\u00f3n detallada de la prueba pudiendo, adem\u00e1s, comprobar de primera mano la singularidad de este evento deportivo que este a\u00f1o alberga la \u00faltima prueba de la Copa de Espa\u00f1a.<\/p>\n","protected":false},"excerpt":{"rendered":"<p>La carrera por monta\u00f1a \u2018Har\u00eda Extreme\u2019 ha vuelto a centrar la atenci\u00f3n del p\u00fablico en la \u2018Ultra Trail du Mont Blanc\u2019 (UTMB) celebrada, del 25 al 31 de agosto, en la localidad de Chamonix (Francia). &nbsp; Por segundo a\u00f1o consecutivo el stand promocional de la \u2018Har\u00eda Extreme\u2019 sorprende a los asistentes por las caracter\u00edsticas y [&hellip;]<\/p>\n","protected":false},"author":2,"featured_media":0,"comment_status":"closed","ping_status":"closed","sticky":false,"template":"","format":"standard","meta":{"footnotes":""},"categories":[17,11],"tags":[],"class_list":["post-5099","post","type-post","status-publish","format-standard","hentry","category-deportes","category-hoja-de-haria"],"_links":{"self":[{"href":"https:\/\/www.ayuntamientodeharia.com\/haria\/wp-json\/wp\/v2\/posts\/5099","targetHints":{"allow":["GET"]}}],"collection":[{"href":"https:\/\/www.ayuntamientodeharia.com\/haria\/wp-json\/wp\/v2\/posts"}],"about":[{"href":"https:\/\/www.ayuntamientodeharia.com\/haria\/wp-json\/wp\/v2\/types\/post"}],"author":[{"embeddable":true,"href":"https:\/\/www.ayuntamientodeharia.com\/haria\/wp-json\/wp\/v2\/users\/2"}],"replies":[{"embeddable":true,"href":"https:\/\/www.ayuntamientodeharia.com\/haria\/wp-json\/wp\/v2\/comments?post=5099"}],"version-history":[{"count":0,"href":"https:\/\/www.ayuntamientodeharia.com\/haria\/wp-json\/wp\/v2\/posts\/5099\/revisions"}],"wp:attachment":[{"href":"https:\/\/www.ayuntamientodeharia.com\/haria\/wp-json\/wp\/v2\/media?parent=5099"}],"wp:term":[{"taxonomy":"category","embeddable":true,"href":"https:\/\/www.ayuntamientodeharia.com\/haria\/wp-json\/wp\/v2\/categories?post=5099"},{"taxonomy":"post_tag","embeddable":true,"href":"https:\/\/www.ayuntamientodeharia.com\/haria\/wp-json\/wp\/v2\/tags?post=5099"}],"curies":[{"name":"wp","href":"https:\/\/api.w.org\/{rel}","templated":true}]}}