{"id":5093,"date":"2016-04-21T08:15:48","date_gmt":"2016-04-21T08:15:48","guid":{"rendered":"http:\/\/www.ayuntamientodeharia.com\/haria\/?p=5093"},"modified":"2016-04-21T08:15:48","modified_gmt":"2016-04-21T08:15:48","slug":"la-escuela-municipal-de-karate-inicia-sus-actividades-tras-el-descanso-veraniego-2","status":"publish","type":"post","link":"https:\/\/www.ayuntamientodeharia.com\/haria\/la-escuela-municipal-de-karate-inicia-sus-actividades-tras-el-descanso-veraniego-2\/","title":{"rendered":"La Escuela Municipal de K\u00e1rate inicia sus actividades tras el descanso veraniego"},"content":{"rendered":"<p><a href=\"http:\/\/www.ayuntamientodeharia.com\/haria\/wp-content\/uploads\/2016\/04\/karate2.jpg\"><img decoding=\"async\" class=\"alignleft  wp-image-5073\" src=\"http:\/\/www.ayuntamientodeharia.com\/haria\/wp-content\/uploads\/2016\/04\/karate2-300x214.jpg\" alt=\"karate\" width=\"213\" height=\"155\" \/><\/a>La Escuela Municipal de K\u00e1rate C.D. K\u00e1rate Seito de Har\u00eda abre la inscripci\u00f3n para la temporada 2014-2015, ya que est\u00e1 previsto que las clases comiencen a impartirse el pr\u00f3ximo lunes, 8 de septiembre, para los ni\u00f1os menores de 13 a\u00f1os, mientras que para los mayores de 13 a\u00f1os la fecha prevista para el inicio de la actividad es el 1 de octubre.<\/p>\n<p>&nbsp;<\/p>\n<p><!--more--><\/p>\n<p>Como en a\u00f1os anteriores, las clases se impartir\u00e1n los lunes y mi\u00e9rcoles en diferentes horarios seg\u00fan los grupos de edad. Las inscripciones se realizar\u00e1n en las dependencias de la Escuela Municipal de K\u00e1rate, situadas en la calle San Pedro, 5, de M\u00e1guez, los lunes y mi\u00e9rcoles en el horario de las clases.<\/p>\n","protected":false},"excerpt":{"rendered":"<p>La Escuela Municipal de K\u00e1rate C.D. K\u00e1rate Seito de Har\u00eda abre la inscripci\u00f3n para la temporada 2014-2015, ya que est\u00e1 previsto que las clases comiencen a impartirse el pr\u00f3ximo lunes, 8 de septiembre, para los ni\u00f1os menores de 13 a\u00f1os, mientras que para los mayores de 13 a\u00f1os la fecha prevista para el inicio de [&hellip;]<\/p>\n","protected":false},"author":2,"featured_media":0,"comment_status":"closed","ping_status":"closed","sticky":false,"template":"","format":"standard","meta":{"footnotes":""},"categories":[17,11],"tags":[],"class_list":["post-5093","post","type-post","status-publish","format-standard","hentry","category-deportes","category-hoja-de-haria"],"_links":{"self":[{"href":"https:\/\/www.ayuntamientodeharia.com\/haria\/wp-json\/wp\/v2\/posts\/5093","targetHints":{"allow":["GET"]}}],"collection":[{"href":"https:\/\/www.ayuntamientodeharia.com\/haria\/wp-json\/wp\/v2\/posts"}],"about":[{"href":"https:\/\/www.ayuntamientodeharia.com\/haria\/wp-json\/wp\/v2\/types\/post"}],"author":[{"embeddable":true,"href":"https:\/\/www.ayuntamientodeharia.com\/haria\/wp-json\/wp\/v2\/users\/2"}],"replies":[{"embeddable":true,"href":"https:\/\/www.ayuntamientodeharia.com\/haria\/wp-json\/wp\/v2\/comments?post=5093"}],"version-history":[{"count":0,"href":"https:\/\/www.ayuntamientodeharia.com\/haria\/wp-json\/wp\/v2\/posts\/5093\/revisions"}],"wp:attachment":[{"href":"https:\/\/www.ayuntamientodeharia.com\/haria\/wp-json\/wp\/v2\/media?parent=5093"}],"wp:term":[{"taxonomy":"category","embeddable":true,"href":"https:\/\/www.ayuntamientodeharia.com\/haria\/wp-json\/wp\/v2\/categories?post=5093"},{"taxonomy":"post_tag","embeddable":true,"href":"https:\/\/www.ayuntamientodeharia.com\/haria\/wp-json\/wp\/v2\/tags?post=5093"}],"curies":[{"name":"wp","href":"https:\/\/api.w.org\/{rel}","templated":true}]}}