{"id":5085,"date":"2016-04-21T08:10:31","date_gmt":"2016-04-21T08:10:31","guid":{"rendered":"http:\/\/www.ayuntamientodeharia.com\/haria\/?p=5085"},"modified":"2016-04-21T08:10:31","modified_gmt":"2016-04-21T08:10:31","slug":"los-caminos-de-los-llanos-y-las-quemadas-se-cierran-al-trafico-para-realizar-mejoras-en-la-red-de-abastecimiento-de-agua","status":"publish","type":"post","link":"https:\/\/www.ayuntamientodeharia.com\/haria\/los-caminos-de-los-llanos-y-las-quemadas-se-cierran-al-trafico-para-realizar-mejoras-en-la-red-de-abastecimiento-de-agua\/","title":{"rendered":"Los caminos de Los Llanos y Las Quemadas se cierran al tr\u00e1fico para realizar mejoras en la red de abastecimiento de agua"},"content":{"rendered":"<p>El camino rural de Los Llanos, pr\u00f3ximo al pueblo de Guinate, por segunda semana consecutiva, permanecer\u00e1 cerrado al tr\u00e1fico debido a la realizaci\u00f3n de obras de acondicionamiento y mejora en la red de suministro de agua agr\u00edcola. Por el mismo motivo, del 8 a 12 de septiembre, se cerrar\u00e1 al tr\u00e1fico el camino rural de Las Quemadas.<\/p>\n","protected":false},"excerpt":{"rendered":"<p>El camino rural de Los Llanos, pr\u00f3ximo al pueblo de Guinate, por segunda semana consecutiva, permanecer\u00e1 cerrado al tr\u00e1fico debido a la realizaci\u00f3n de obras de acondicionamiento y mejora en la red de suministro de agua agr\u00edcola. Por el mismo motivo, del 8 a 12 de septiembre, se cerrar\u00e1 al tr\u00e1fico el camino rural de [&hellip;]<\/p>\n","protected":false},"author":2,"featured_media":0,"comment_status":"closed","ping_status":"closed","sticky":false,"template":"","format":"standard","meta":{"footnotes":""},"categories":[11,23],"tags":[],"class_list":["post-5085","post","type-post","status-publish","format-standard","hentry","category-hoja-de-haria","category-obras-y-servicios"],"_links":{"self":[{"href":"https:\/\/www.ayuntamientodeharia.com\/haria\/wp-json\/wp\/v2\/posts\/5085","targetHints":{"allow":["GET"]}}],"collection":[{"href":"https:\/\/www.ayuntamientodeharia.com\/haria\/wp-json\/wp\/v2\/posts"}],"about":[{"href":"https:\/\/www.ayuntamientodeharia.com\/haria\/wp-json\/wp\/v2\/types\/post"}],"author":[{"embeddable":true,"href":"https:\/\/www.ayuntamientodeharia.com\/haria\/wp-json\/wp\/v2\/users\/2"}],"replies":[{"embeddable":true,"href":"https:\/\/www.ayuntamientodeharia.com\/haria\/wp-json\/wp\/v2\/comments?post=5085"}],"version-history":[{"count":0,"href":"https:\/\/www.ayuntamientodeharia.com\/haria\/wp-json\/wp\/v2\/posts\/5085\/revisions"}],"wp:attachment":[{"href":"https:\/\/www.ayuntamientodeharia.com\/haria\/wp-json\/wp\/v2\/media?parent=5085"}],"wp:term":[{"taxonomy":"category","embeddable":true,"href":"https:\/\/www.ayuntamientodeharia.com\/haria\/wp-json\/wp\/v2\/categories?post=5085"},{"taxonomy":"post_tag","embeddable":true,"href":"https:\/\/www.ayuntamientodeharia.com\/haria\/wp-json\/wp\/v2\/tags?post=5085"}],"curies":[{"name":"wp","href":"https:\/\/api.w.org\/{rel}","templated":true}]}}