{"id":5083,"date":"2016-04-21T08:08:42","date_gmt":"2016-04-21T08:08:42","guid":{"rendered":"http:\/\/www.ayuntamientodeharia.com\/haria\/?p=5083"},"modified":"2016-04-21T08:08:42","modified_gmt":"2016-04-21T08:08:42","slug":"excursion-por-la-isla-para-los-mayores-del-municipio","status":"publish","type":"post","link":"https:\/\/www.ayuntamientodeharia.com\/haria\/excursion-por-la-isla-para-los-mayores-del-municipio\/","title":{"rendered":"Excursi\u00f3n por la Isla para los mayores del municipio"},"content":{"rendered":"<p>La Concejal\u00eda de Servicios Sociales del Ayuntamiento de Har\u00eda organiza una excursi\u00f3n para los mayores del municipio que tendr\u00e1 lugar el viernes, 12 de septiembre, con el objetivo de visitar el mercadillo de Puerto del Carmen, Puerto Calero y la Feria Insular de Artesan\u00eda en Mancha Blanca. Al finalizar, los participantes podr\u00e1n disfrutar de un almuerzo y baile.<\/p>\n<p><!--more--><\/p>\n<p>&nbsp;<\/p>\n<p>La guagua saldr\u00e1 a las 09:30 horas desde las paradas habituales y el regreso se realizar\u00e1 a las 18:00 horas.<\/p>\n<p>&nbsp;<\/p>\n<p>Los mayores interesados en asistir a la excursi\u00f3n deber\u00e1n inscribirse, antes del 10 de septiembre, en el Centro de la Tercera Edad, llamando al 928 83 56 33, de lunes a viernes, de 09:00 a 14:00 horas.<\/p>\n","protected":false},"excerpt":{"rendered":"<p>La Concejal\u00eda de Servicios Sociales del Ayuntamiento de Har\u00eda organiza una excursi\u00f3n para los mayores del municipio que tendr\u00e1 lugar el viernes, 12 de septiembre, con el objetivo de visitar el mercadillo de Puerto del Carmen, Puerto Calero y la Feria Insular de Artesan\u00eda en Mancha Blanca. Al finalizar, los participantes podr\u00e1n disfrutar de un [&hellip;]<\/p>\n","protected":false},"author":2,"featured_media":0,"comment_status":"closed","ping_status":"closed","sticky":false,"template":"","format":"standard","meta":{"footnotes":""},"categories":[11,61],"tags":[],"class_list":["post-5083","post","type-post","status-publish","format-standard","hentry","category-hoja-de-haria","category-tercera-edad"],"_links":{"self":[{"href":"https:\/\/www.ayuntamientodeharia.com\/haria\/wp-json\/wp\/v2\/posts\/5083","targetHints":{"allow":["GET"]}}],"collection":[{"href":"https:\/\/www.ayuntamientodeharia.com\/haria\/wp-json\/wp\/v2\/posts"}],"about":[{"href":"https:\/\/www.ayuntamientodeharia.com\/haria\/wp-json\/wp\/v2\/types\/post"}],"author":[{"embeddable":true,"href":"https:\/\/www.ayuntamientodeharia.com\/haria\/wp-json\/wp\/v2\/users\/2"}],"replies":[{"embeddable":true,"href":"https:\/\/www.ayuntamientodeharia.com\/haria\/wp-json\/wp\/v2\/comments?post=5083"}],"version-history":[{"count":0,"href":"https:\/\/www.ayuntamientodeharia.com\/haria\/wp-json\/wp\/v2\/posts\/5083\/revisions"}],"wp:attachment":[{"href":"https:\/\/www.ayuntamientodeharia.com\/haria\/wp-json\/wp\/v2\/media?parent=5083"}],"wp:term":[{"taxonomy":"category","embeddable":true,"href":"https:\/\/www.ayuntamientodeharia.com\/haria\/wp-json\/wp\/v2\/categories?post=5083"},{"taxonomy":"post_tag","embeddable":true,"href":"https:\/\/www.ayuntamientodeharia.com\/haria\/wp-json\/wp\/v2\/tags?post=5083"}],"curies":[{"name":"wp","href":"https:\/\/api.w.org\/{rel}","templated":true}]}}