{"id":5079,"date":"2016-04-21T08:06:52","date_gmt":"2016-04-21T08:06:52","guid":{"rendered":"http:\/\/www.ayuntamientodeharia.com\/haria\/?p=5079"},"modified":"2016-04-21T08:06:52","modified_gmt":"2016-04-21T08:06:52","slug":"fiestas-de-nuestra-senora-del-pino-punta-mujeres-2014","status":"publish","type":"post","link":"https:\/\/www.ayuntamientodeharia.com\/haria\/fiestas-de-nuestra-senora-del-pino-punta-mujeres-2014\/","title":{"rendered":"FIESTAS DE NUESTRA SE\u00d1ORA DEL PINO PUNTA MUJERES- 2014"},"content":{"rendered":"<p><strong>Viernes, 5 de septiembre: <\/strong><\/p>\n<p>&nbsp;<\/p>\n<p><em>11:00 h<\/em>.- Actividades infantiles en el Centro Sociocultural El Marinero.<\/p>\n<p>&nbsp;<\/p>\n<p><em> 17:30 h<\/em>.- Inauguraci\u00f3n de la exposici\u00f3n de fotograf\u00edas presentadas al concurso \u201cMis actividades de verano\u201d, que podr\u00e1 ser visitada hasta el 27 de Septiembre en el Centro Sociocultural El Marinero.<\/p>\n<p><!--more--><\/p>\n<p><em>17:00 h<\/em>.- Actuaci\u00f3n de payasos.<\/p>\n<p>&nbsp;<\/p>\n<p><em>18:00 h.<\/em>&#8211; Teatro de Marionetas.<\/p>\n<p>&nbsp;<\/p>\n<p><em>19:00 h<\/em>.- Actuaci\u00f3n de Pepe Benavente.<\/p>\n<p>&nbsp;<\/p>\n<p><em> 20:30 h<\/em>.- Actuaci\u00f3n del grupo Los Lolas.<\/p>\n<p>&nbsp;<\/p>\n<p><em> 22:30 h<\/em>.- Verbena popular amenizada por Suso y Familia de Lanzarote y G\u00fcira Latina de Gran Canaria. Todos estos actos se realizar\u00e1n en el Recinto Ferial.<\/p>\n<p>&nbsp;<\/p>\n<p><strong>S\u00e1bado, 6 de septiembre: <\/strong><\/p>\n<p>&nbsp;<\/p>\n<p><em>17:30 h<\/em>.- Romer\u00eda Marinera en honor a Nuestra Se\u00f1ora del Pino, acompa\u00f1ada de chalanas engalanadas y parrandas. Salida desde las inmediaciones de la Punta del Burro. A continuaci\u00f3n,, Baile de Marineros amenizado por la parranda Los Gurfines.<\/p>\n<p>&nbsp;<\/p>\n<p><em> 22:00 h<\/em>.- Verbena popular amenizada por Suso y Familia de Lanzarote y G\u00fcira Latina de Gran Canaria en el Recinto Ferial. Domingo, 7 de septiembre: \u2018PARTY PM\u2019<\/p>\n<p>&nbsp;<\/p>\n<p><em>12:00 h<\/em>.- \u00a1Ventorrilleando! Tapas, refrescos y ca\u00f1as a 1euros. Fiesta de la espuma amenizada por Rafael Flores \u2018El Morocho\u2019, G\u00fcira Latina, y D\u00b4J Furre en el Recinto Ferial<\/p>\n<p>&nbsp;<\/p>\n<p><strong>Lunes, 8 de septiembre: <\/strong><\/p>\n<p>&nbsp;<\/p>\n<p><em>19:00 h<\/em>.- Misa y procesi\u00f3n por las calle del pueblo.<\/p>\n","protected":false},"excerpt":{"rendered":"<p>Viernes, 5 de septiembre: &nbsp; 11:00 h.- Actividades infantiles en el Centro Sociocultural El Marinero. &nbsp; 17:30 h.- Inauguraci\u00f3n de la exposici\u00f3n de fotograf\u00edas presentadas al concurso \u201cMis actividades de verano\u201d, que podr\u00e1 ser visitada hasta el 27 de Septiembre en el Centro Sociocultural El Marinero.<\/p>\n","protected":false},"author":2,"featured_media":0,"comment_status":"closed","ping_status":"closed","sticky":false,"template":"","format":"standard","meta":{"footnotes":""},"categories":[15,11],"tags":[],"class_list":["post-5079","post","type-post","status-publish","format-standard","hentry","category-festejos","category-hoja-de-haria"],"_links":{"self":[{"href":"https:\/\/www.ayuntamientodeharia.com\/haria\/wp-json\/wp\/v2\/posts\/5079","targetHints":{"allow":["GET"]}}],"collection":[{"href":"https:\/\/www.ayuntamientodeharia.com\/haria\/wp-json\/wp\/v2\/posts"}],"about":[{"href":"https:\/\/www.ayuntamientodeharia.com\/haria\/wp-json\/wp\/v2\/types\/post"}],"author":[{"embeddable":true,"href":"https:\/\/www.ayuntamientodeharia.com\/haria\/wp-json\/wp\/v2\/users\/2"}],"replies":[{"embeddable":true,"href":"https:\/\/www.ayuntamientodeharia.com\/haria\/wp-json\/wp\/v2\/comments?post=5079"}],"version-history":[{"count":0,"href":"https:\/\/www.ayuntamientodeharia.com\/haria\/wp-json\/wp\/v2\/posts\/5079\/revisions"}],"wp:attachment":[{"href":"https:\/\/www.ayuntamientodeharia.com\/haria\/wp-json\/wp\/v2\/media?parent=5079"}],"wp:term":[{"taxonomy":"category","embeddable":true,"href":"https:\/\/www.ayuntamientodeharia.com\/haria\/wp-json\/wp\/v2\/categories?post=5079"},{"taxonomy":"post_tag","embeddable":true,"href":"https:\/\/www.ayuntamientodeharia.com\/haria\/wp-json\/wp\/v2\/tags?post=5079"}],"curies":[{"name":"wp","href":"https:\/\/api.w.org\/{rel}","templated":true}]}}