{"id":5014,"date":"2016-04-19T12:31:31","date_gmt":"2016-04-19T12:31:31","guid":{"rendered":"http:\/\/www.ayuntamientodeharia.com\/haria\/?p=5014"},"modified":"2016-04-19T12:31:31","modified_gmt":"2016-04-19T12:31:31","slug":"comienzan-las-actividades-de-pintura-manualidades-y-la-escuela-de-folclore","status":"publish","type":"post","link":"https:\/\/www.ayuntamientodeharia.com\/haria\/comienzan-las-actividades-de-pintura-manualidades-y-la-escuela-de-folclore\/","title":{"rendered":"Comienzan las actividades de pintura, manualidades y la Escuela de Folclore"},"content":{"rendered":"<p><a href=\"http:\/\/www.ayuntamientodeharia.com\/haria\/wp-content\/uploads\/2016\/04\/actividades.jpg\"><img decoding=\"async\" class=\"alignleft size-medium wp-image-5000\" src=\"http:\/\/www.ayuntamientodeharia.com\/haria\/wp-content\/uploads\/2016\/04\/actividades-300x159.jpg\" alt=\"actividades\" width=\"300\" height=\"159\" srcset=\"https:\/\/www.ayuntamientodeharia.com\/haria\/wp-content\/uploads\/2016\/04\/actividades-300x159.jpg 300w, https:\/\/www.ayuntamientodeharia.com\/haria\/wp-content\/uploads\/2016\/04\/actividades-1024x544.jpg 1024w, https:\/\/www.ayuntamientodeharia.com\/haria\/wp-content\/uploads\/2016\/04\/actividades-754x400.jpg 754w, https:\/\/www.ayuntamientodeharia.com\/haria\/wp-content\/uploads\/2016\/04\/actividades.jpg 1980w\" sizes=\"(max-width: 300px) 100vw, 300px\" \/><\/a>La Concejal\u00eda de Cultura pone en marcha, a partir del mes de octubre, los talleres de pintura y manualidades, as\u00ed como la Escuela de Folclore.<\/p>\n<p>&nbsp;<\/p>\n<p>Las personas interesadas en participar en alguno de los talleres deber\u00e1n ser mayores de 18 a\u00f1os, excepto las que se inscriban en la Escuela de Folclore, cuya edad m\u00ednima est\u00e1 establecida en siete a\u00f1os.<\/p>\n<p><!--more--><\/p>\n<p>&nbsp;<\/p>\n<p>Las inscripciones se realizar\u00e1n en el Departamento de Cultura, llamando a los tel\u00e9fonos 928 835 009 y 928 835 300.<\/p>\n<p>&nbsp;<\/p>\n<p><strong>Taller de Pintura <\/strong><\/p>\n<p>&nbsp;<\/p>\n<p>Las clases tendr\u00e1n lugar los martes y jueves, de 16:30 a 19:00 horas, en el Taller de Artesan\u00eda de Har\u00eda.<\/p>\n<p>&nbsp;<\/p>\n<p>Las clases comenzar\u00e1n el jueves, 2 de octubre, con un coste de 10 euros mensuales.<\/p>\n<p>&nbsp;<\/p>\n<p><strong> Escuela Municipal de Folclore <\/strong><\/p>\n<p>&nbsp;<\/p>\n<p>Se impartir\u00e1n clases de nivel b\u00e1- sico y avanzado de los siguientes instrumentos de cuerda: guitarra, timple, la\u00fad y bandurria, los lunes y jueves, de 17:00 a 21:00 horas, en el Centro Sociocultural La Tegala de Har\u00eda.<\/p>\n<p>&nbsp;<\/p>\n<p>Las clases comenzar\u00e1n el jueves, 2 de octubre, con un coste de 10 euros mensuales.<\/p>\n<p>&nbsp;<\/p>\n<p><strong> Taller de Manualidades <\/strong><\/p>\n<p>&nbsp;<\/p>\n<p>Se desarrollar\u00e1 los lunes, de 16:00 a 18:00 horas, en la Sociedad Renacimiento de Mala, y de 18:30 a 20:30 horas, en el Taller de Artesan\u00eda de Har\u00eda, con un coste de 10 euros mensuales.<\/p>\n","protected":false},"excerpt":{"rendered":"<p>La Concejal\u00eda de Cultura pone en marcha, a partir del mes de octubre, los talleres de pintura y manualidades, as\u00ed como la Escuela de Folclore. &nbsp; Las personas interesadas en participar en alguno de los talleres deber\u00e1n ser mayores de 18 a\u00f1os, excepto las que se inscriban en la Escuela de Folclore, cuya edad m\u00ednima [&hellip;]<\/p>\n","protected":false},"author":2,"featured_media":0,"comment_status":"closed","ping_status":"closed","sticky":false,"template":"","format":"standard","meta":{"footnotes":""},"categories":[11,81],"tags":[],"class_list":["post-5014","post","type-post","status-publish","format-standard","hentry","category-hoja-de-haria","category-municipio"],"_links":{"self":[{"href":"https:\/\/www.ayuntamientodeharia.com\/haria\/wp-json\/wp\/v2\/posts\/5014","targetHints":{"allow":["GET"]}}],"collection":[{"href":"https:\/\/www.ayuntamientodeharia.com\/haria\/wp-json\/wp\/v2\/posts"}],"about":[{"href":"https:\/\/www.ayuntamientodeharia.com\/haria\/wp-json\/wp\/v2\/types\/post"}],"author":[{"embeddable":true,"href":"https:\/\/www.ayuntamientodeharia.com\/haria\/wp-json\/wp\/v2\/users\/2"}],"replies":[{"embeddable":true,"href":"https:\/\/www.ayuntamientodeharia.com\/haria\/wp-json\/wp\/v2\/comments?post=5014"}],"version-history":[{"count":0,"href":"https:\/\/www.ayuntamientodeharia.com\/haria\/wp-json\/wp\/v2\/posts\/5014\/revisions"}],"wp:attachment":[{"href":"https:\/\/www.ayuntamientodeharia.com\/haria\/wp-json\/wp\/v2\/media?parent=5014"}],"wp:term":[{"taxonomy":"category","embeddable":true,"href":"https:\/\/www.ayuntamientodeharia.com\/haria\/wp-json\/wp\/v2\/categories?post=5014"},{"taxonomy":"post_tag","embeddable":true,"href":"https:\/\/www.ayuntamientodeharia.com\/haria\/wp-json\/wp\/v2\/tags?post=5014"}],"curies":[{"name":"wp","href":"https:\/\/api.w.org\/{rel}","templated":true}]}}