{"id":5012,"date":"2016-04-19T12:28:36","date_gmt":"2016-04-19T12:28:36","guid":{"rendered":"http:\/\/www.ayuntamientodeharia.com\/haria\/?p=5012"},"modified":"2016-04-19T12:28:36","modified_gmt":"2016-04-19T12:28:36","slug":"merienda-y-baile-para-los-mayores-del-municipio","status":"publish","type":"post","link":"https:\/\/www.ayuntamientodeharia.com\/haria\/merienda-y-baile-para-los-mayores-del-municipio\/","title":{"rendered":"Merienda y baile para los mayores del municipio"},"content":{"rendered":"<p>La Concejal\u00eda de Bienestar Social invita a los mayores del municipio de Har\u00eda a participar en el encuentro con los mayores del Centro de la Tercera Edad de Altavista que se celebrar\u00e1 el domingo, 5 de octubre, a las 16:30 horas, en el Centro Sociocultural La Tegala de Har\u00eda. Durante el transcurso de la tarde, los mayores disfrutar\u00e1n de una deliciosa merienda y de baile.<\/p>\n","protected":false},"excerpt":{"rendered":"<p>La Concejal\u00eda de Bienestar Social invita a los mayores del municipio de Har\u00eda a participar en el encuentro con los mayores del Centro de la Tercera Edad de Altavista que se celebrar\u00e1 el domingo, 5 de octubre, a las 16:30 horas, en el Centro Sociocultural La Tegala de Har\u00eda. Durante el transcurso de la tarde, [&hellip;]<\/p>\n","protected":false},"author":2,"featured_media":0,"comment_status":"closed","ping_status":"closed","sticky":false,"template":"","format":"standard","meta":{"footnotes":""},"categories":[11,61],"tags":[],"class_list":["post-5012","post","type-post","status-publish","format-standard","hentry","category-hoja-de-haria","category-tercera-edad"],"_links":{"self":[{"href":"https:\/\/www.ayuntamientodeharia.com\/haria\/wp-json\/wp\/v2\/posts\/5012","targetHints":{"allow":["GET"]}}],"collection":[{"href":"https:\/\/www.ayuntamientodeharia.com\/haria\/wp-json\/wp\/v2\/posts"}],"about":[{"href":"https:\/\/www.ayuntamientodeharia.com\/haria\/wp-json\/wp\/v2\/types\/post"}],"author":[{"embeddable":true,"href":"https:\/\/www.ayuntamientodeharia.com\/haria\/wp-json\/wp\/v2\/users\/2"}],"replies":[{"embeddable":true,"href":"https:\/\/www.ayuntamientodeharia.com\/haria\/wp-json\/wp\/v2\/comments?post=5012"}],"version-history":[{"count":0,"href":"https:\/\/www.ayuntamientodeharia.com\/haria\/wp-json\/wp\/v2\/posts\/5012\/revisions"}],"wp:attachment":[{"href":"https:\/\/www.ayuntamientodeharia.com\/haria\/wp-json\/wp\/v2\/media?parent=5012"}],"wp:term":[{"taxonomy":"category","embeddable":true,"href":"https:\/\/www.ayuntamientodeharia.com\/haria\/wp-json\/wp\/v2\/categories?post=5012"},{"taxonomy":"post_tag","embeddable":true,"href":"https:\/\/www.ayuntamientodeharia.com\/haria\/wp-json\/wp\/v2\/tags?post=5012"}],"curies":[{"name":"wp","href":"https:\/\/api.w.org\/{rel}","templated":true}]}}