{"id":5010,"date":"2016-04-19T12:27:50","date_gmt":"2016-04-19T12:27:50","guid":{"rendered":"http:\/\/www.ayuntamientodeharia.com\/haria\/?p=5010"},"modified":"2016-04-19T12:27:50","modified_gmt":"2016-04-19T12:27:50","slug":"alicia-mesa-y-florencio-martin-ganadores-del-iv-concurso-de-fotografia-en-verano","status":"publish","type":"post","link":"https:\/\/www.ayuntamientodeharia.com\/haria\/alicia-mesa-y-florencio-martin-ganadores-del-iv-concurso-de-fotografia-en-verano\/","title":{"rendered":"Alicia Mesa y Florencio Mart\u00edn, ganadores del \u2018IV Concurso de Fotograf\u00eda en Verano\u2019"},"content":{"rendered":"<p><a href=\"http:\/\/www.ayuntamientodeharia.com\/haria\/wp-content\/uploads\/2016\/04\/concurso-de-fotos-2.jpg\"><img fetchpriority=\"high\" decoding=\"async\" class=\"alignleft size-medium wp-image-4995\" src=\"http:\/\/www.ayuntamientodeharia.com\/haria\/wp-content\/uploads\/2016\/04\/concurso-de-fotos-2-199x300.jpg\" alt=\"concurso de fotos 2\" width=\"199\" height=\"300\" srcset=\"https:\/\/www.ayuntamientodeharia.com\/haria\/wp-content\/uploads\/2016\/04\/concurso-de-fotos-2-199x300.jpg 199w, https:\/\/www.ayuntamientodeharia.com\/haria\/wp-content\/uploads\/2016\/04\/concurso-de-fotos-2.jpg 594w\" sizes=\"(max-width: 199px) 100vw, 199px\" \/><\/a>Un total de 42 im\u00e1genes pertenecientes a 16 fot\u00f3grafos se presentaron al \u2018IV Concurso de Fotograf\u00eda en Verano\u2019 organizado por la Concejal\u00eda de Cultura del Ayuntamiento de Har\u00eda, bajo el lema \u2018Mis Actividades de Verano\u2019.<\/p>\n<p>&nbsp;<\/p>\n<p>En esta edici\u00f3n, el primer premio recay\u00f3 en la fotograf\u00eda denominada \u2018Caminar por la Playa\u2019, de Alicia Mar\u00eda Mesa Hern\u00e1ndez, y el segundo en la fotograf\u00eda \u2018La Cometa y la Luna\u2019, de Florencio Mart\u00edn Meli\u00e1n.<\/p>\n<p><!--more--><\/p>\n<p>&nbsp;<\/p>\n<p>Las obras ganadoras pasar\u00e1n a ser propiedad del Consistorio, mientras que el resto pueden ser retiradas por los participantes en el Departamento de Cultura.<\/p>\n<p>&nbsp;<\/p>\n<p>Desde la Corporaci\u00f3n municipal se felicita a todos los participantes, en especial a los ganadores de esta edici\u00f3n, por la calidad de las im\u00e1genes presentadas.<\/p>\n<p><a href=\"http:\/\/www.ayuntamientodeharia.com\/haria\/wp-content\/uploads\/2016\/04\/concurso-de-fotos.jpg\"><img decoding=\"async\" class=\"aligncenter size-medium wp-image-4996\" src=\"http:\/\/www.ayuntamientodeharia.com\/haria\/wp-content\/uploads\/2016\/04\/concurso-de-fotos-300x222.jpg\" alt=\"concurso de fotos\" width=\"300\" height=\"222\" srcset=\"https:\/\/www.ayuntamientodeharia.com\/haria\/wp-content\/uploads\/2016\/04\/concurso-de-fotos-300x222.jpg 300w, https:\/\/www.ayuntamientodeharia.com\/haria\/wp-content\/uploads\/2016\/04\/concurso-de-fotos-1024x760.jpg 1024w, https:\/\/www.ayuntamientodeharia.com\/haria\/wp-content\/uploads\/2016\/04\/concurso-de-fotos.jpg 1203w\" sizes=\"(max-width: 300px) 100vw, 300px\" \/><\/a><\/p>\n","protected":false},"excerpt":{"rendered":"<p>Un total de 42 im\u00e1genes pertenecientes a 16 fot\u00f3grafos se presentaron al \u2018IV Concurso de Fotograf\u00eda en Verano\u2019 organizado por la Concejal\u00eda de Cultura del Ayuntamiento de Har\u00eda, bajo el lema \u2018Mis Actividades de Verano\u2019. &nbsp; En esta edici\u00f3n, el primer premio recay\u00f3 en la fotograf\u00eda denominada \u2018Caminar por la Playa\u2019, de Alicia Mar\u00eda Mesa [&hellip;]<\/p>\n","protected":false},"author":2,"featured_media":0,"comment_status":"closed","ping_status":"closed","sticky":false,"template":"","format":"standard","meta":{"footnotes":""},"categories":[16,11],"tags":[],"class_list":["post-5010","post","type-post","status-publish","format-standard","hentry","category-cultura","category-hoja-de-haria"],"_links":{"self":[{"href":"https:\/\/www.ayuntamientodeharia.com\/haria\/wp-json\/wp\/v2\/posts\/5010","targetHints":{"allow":["GET"]}}],"collection":[{"href":"https:\/\/www.ayuntamientodeharia.com\/haria\/wp-json\/wp\/v2\/posts"}],"about":[{"href":"https:\/\/www.ayuntamientodeharia.com\/haria\/wp-json\/wp\/v2\/types\/post"}],"author":[{"embeddable":true,"href":"https:\/\/www.ayuntamientodeharia.com\/haria\/wp-json\/wp\/v2\/users\/2"}],"replies":[{"embeddable":true,"href":"https:\/\/www.ayuntamientodeharia.com\/haria\/wp-json\/wp\/v2\/comments?post=5010"}],"version-history":[{"count":0,"href":"https:\/\/www.ayuntamientodeharia.com\/haria\/wp-json\/wp\/v2\/posts\/5010\/revisions"}],"wp:attachment":[{"href":"https:\/\/www.ayuntamientodeharia.com\/haria\/wp-json\/wp\/v2\/media?parent=5010"}],"wp:term":[{"taxonomy":"category","embeddable":true,"href":"https:\/\/www.ayuntamientodeharia.com\/haria\/wp-json\/wp\/v2\/categories?post=5010"},{"taxonomy":"post_tag","embeddable":true,"href":"https:\/\/www.ayuntamientodeharia.com\/haria\/wp-json\/wp\/v2\/tags?post=5010"}],"curies":[{"name":"wp","href":"https:\/\/api.w.org\/{rel}","templated":true}]}}