{"id":5008,"date":"2016-04-19T12:26:23","date_gmt":"2016-04-19T12:26:23","guid":{"rendered":"http:\/\/www.ayuntamientodeharia.com\/haria\/?p=5008"},"modified":"2016-04-19T12:26:23","modified_gmt":"2016-04-19T12:26:23","slug":"el-aljibe-acogera-la-exposicion-la-mirada-cautiva","status":"publish","type":"post","link":"https:\/\/www.ayuntamientodeharia.com\/haria\/el-aljibe-acogera-la-exposicion-la-mirada-cautiva\/","title":{"rendered":"El Aljibe acoger\u00e1 la exposici\u00f3n \u2018La Mirada Cautiva\u2019"},"content":{"rendered":"<p><a href=\"http:\/\/www.ayuntamientodeharia.com\/haria\/wp-content\/uploads\/2016\/04\/la-mirada-cautiva1.jpg\"><img fetchpriority=\"high\" decoding=\"async\" class=\"alignleft size-medium wp-image-4997\" src=\"http:\/\/www.ayuntamientodeharia.com\/haria\/wp-content\/uploads\/2016\/04\/la-mirada-cautiva1-226x300.jpg\" alt=\"la mirada cautiva\" width=\"226\" height=\"300\" srcset=\"https:\/\/www.ayuntamientodeharia.com\/haria\/wp-content\/uploads\/2016\/04\/la-mirada-cautiva1-226x300.jpg 226w, https:\/\/www.ayuntamientodeharia.com\/haria\/wp-content\/uploads\/2016\/04\/la-mirada-cautiva1-772x1024.jpg 772w, https:\/\/www.ayuntamientodeharia.com\/haria\/wp-content\/uploads\/2016\/04\/la-mirada-cautiva1.jpg 962w\" sizes=\"(max-width: 226px) 100vw, 226px\" \/><\/a>La sala de exposiciones El Aljibe de Har\u00eda acoger\u00e1 el s\u00e1- bado, 5 de julio, a las 12:00 horas, la inauguraci\u00f3n de la exposici\u00f3n de fotograf\u00eda \u2018La Mirada Cautiva\u2019, a cargo de los alumnos del Ciclo Formativo de Grado Superior de Fotograf\u00eda de la Escuela de Arte Pancho Lasso.<\/p>\n<p>&nbsp;<\/p>\n<p>Para esta muestra, comisariada por el profesor y jefe del Departamento de Proyectos y Talleres de Fotograf\u00eda, Javier Alonso, se han seleccionado 50 im\u00e1genes originales en blanco y negro realizadas por los alumnos de la Escuela como tributo a August Sander, maestro alem\u00e1n del retrato en el per\u00edodo de entreguerras del pasado siglo, qui\u00e9n dedic\u00f3 su vida a fotografiar la sociedad de su tiempo.<\/p>\n<p><!--more--><\/p>\n<p>&nbsp;<\/p>\n<p>La muestra fotogr\u00e1fica permanecer\u00e1 abierta al p\u00fablico hasta el 1 de noviembre y podr\u00e1 visitarse de lunes a s\u00e1bado, de 10:00 a 14:00 horas.<\/p>\n","protected":false},"excerpt":{"rendered":"<p>La sala de exposiciones El Aljibe de Har\u00eda acoger\u00e1 el s\u00e1- bado, 5 de julio, a las 12:00 horas, la inauguraci\u00f3n de la exposici\u00f3n de fotograf\u00eda \u2018La Mirada Cautiva\u2019, a cargo de los alumnos del Ciclo Formativo de Grado Superior de Fotograf\u00eda de la Escuela de Arte Pancho Lasso. &nbsp; Para esta muestra, comisariada por [&hellip;]<\/p>\n","protected":false},"author":2,"featured_media":0,"comment_status":"closed","ping_status":"closed","sticky":false,"template":"","format":"standard","meta":{"footnotes":""},"categories":[16,11],"tags":[],"class_list":["post-5008","post","type-post","status-publish","format-standard","hentry","category-cultura","category-hoja-de-haria"],"_links":{"self":[{"href":"https:\/\/www.ayuntamientodeharia.com\/haria\/wp-json\/wp\/v2\/posts\/5008","targetHints":{"allow":["GET"]}}],"collection":[{"href":"https:\/\/www.ayuntamientodeharia.com\/haria\/wp-json\/wp\/v2\/posts"}],"about":[{"href":"https:\/\/www.ayuntamientodeharia.com\/haria\/wp-json\/wp\/v2\/types\/post"}],"author":[{"embeddable":true,"href":"https:\/\/www.ayuntamientodeharia.com\/haria\/wp-json\/wp\/v2\/users\/2"}],"replies":[{"embeddable":true,"href":"https:\/\/www.ayuntamientodeharia.com\/haria\/wp-json\/wp\/v2\/comments?post=5008"}],"version-history":[{"count":0,"href":"https:\/\/www.ayuntamientodeharia.com\/haria\/wp-json\/wp\/v2\/posts\/5008\/revisions"}],"wp:attachment":[{"href":"https:\/\/www.ayuntamientodeharia.com\/haria\/wp-json\/wp\/v2\/media?parent=5008"}],"wp:term":[{"taxonomy":"category","embeddable":true,"href":"https:\/\/www.ayuntamientodeharia.com\/haria\/wp-json\/wp\/v2\/categories?post=5008"},{"taxonomy":"post_tag","embeddable":true,"href":"https:\/\/www.ayuntamientodeharia.com\/haria\/wp-json\/wp\/v2\/tags?post=5008"}],"curies":[{"name":"wp","href":"https:\/\/api.w.org\/{rel}","templated":true}]}}