{"id":5001,"date":"2016-04-19T12:22:25","date_gmt":"2016-04-19T12:22:25","guid":{"rendered":"http:\/\/www.ayuntamientodeharia.com\/haria\/?p=5001"},"modified":"2016-04-19T12:22:25","modified_gmt":"2016-04-19T12:22:25","slug":"el-libro-valbanera-requiem-por-un-naufragio-se-presentara-en-la-tegala-de-haria","status":"publish","type":"post","link":"https:\/\/www.ayuntamientodeharia.com\/haria\/el-libro-valbanera-requiem-por-un-naufragio-se-presentara-en-la-tegala-de-haria\/","title":{"rendered":"El libro &#8216;Valbanera. R\u00e9quiem por un naufragio&#8217; se presentar\u00e1 en La Tegala de Har\u00eda"},"content":{"rendered":"<p><a href=\"http:\/\/www.ayuntamientodeharia.com\/haria\/wp-content\/uploads\/2016\/04\/libro1.jpg\"><img decoding=\"async\" class=\"alignleft  wp-image-4998\" src=\"http:\/\/www.ayuntamientodeharia.com\/haria\/wp-content\/uploads\/2016\/04\/libro1-168x300.jpg\" alt=\"libro\" width=\"180\" height=\"185\" \/><\/a>Este s\u00e1bado, s\u00e1bado 27 de septiembre, a las 20:30 horas, tendr\u00e1 lugar la conferencia y presentaci\u00f3n del libro &#8216;Valbanera. R\u00e9quiem por un naufragio&#8217;, del investigador cubano Mario Luis L\u00f3pez, en los salones del Centro Sociocultural La Tegala de Har\u00eda. Este acto est\u00e1 organizado por el \u00c1rea de Patrimonio Hist\u00f3rico del Cabildo, en colaboraci\u00f3n con su hom\u00f3nimo en el Ayuntamiento de Har\u00eda.<\/p>\n<p><!--more--><\/p>\n<p>&nbsp;<\/p>\n<p>Mario Luis L\u00f3pez lleva muchos a\u00f1os investigando el tr\u00e1- gico naufragio que ocurri\u00f3 en 1919, cerca del puerto de la Habana, donde murieron 408 canarios, entre los que se encontraba un grupo de lanzarote\u00f1os.<\/p>\n<p>&nbsp;<\/p>\n<p>Las personas interesadas en este acontecimiento hist\u00f3rico podr\u00e1n adquirir un ejemplar del libro al finalizar la presentaci\u00f3n.<\/p>\n","protected":false},"excerpt":{"rendered":"<p>Este s\u00e1bado, s\u00e1bado 27 de septiembre, a las 20:30 horas, tendr\u00e1 lugar la conferencia y presentaci\u00f3n del libro &#8216;Valbanera. R\u00e9quiem por un naufragio&#8217;, del investigador cubano Mario Luis L\u00f3pez, en los salones del Centro Sociocultural La Tegala de Har\u00eda. Este acto est\u00e1 organizado por el \u00c1rea de Patrimonio Hist\u00f3rico del Cabildo, en colaboraci\u00f3n con su [&hellip;]<\/p>\n","protected":false},"author":2,"featured_media":0,"comment_status":"closed","ping_status":"closed","sticky":false,"template":"","format":"standard","meta":{"footnotes":""},"categories":[16,11],"tags":[],"class_list":["post-5001","post","type-post","status-publish","format-standard","hentry","category-cultura","category-hoja-de-haria"],"_links":{"self":[{"href":"https:\/\/www.ayuntamientodeharia.com\/haria\/wp-json\/wp\/v2\/posts\/5001","targetHints":{"allow":["GET"]}}],"collection":[{"href":"https:\/\/www.ayuntamientodeharia.com\/haria\/wp-json\/wp\/v2\/posts"}],"about":[{"href":"https:\/\/www.ayuntamientodeharia.com\/haria\/wp-json\/wp\/v2\/types\/post"}],"author":[{"embeddable":true,"href":"https:\/\/www.ayuntamientodeharia.com\/haria\/wp-json\/wp\/v2\/users\/2"}],"replies":[{"embeddable":true,"href":"https:\/\/www.ayuntamientodeharia.com\/haria\/wp-json\/wp\/v2\/comments?post=5001"}],"version-history":[{"count":0,"href":"https:\/\/www.ayuntamientodeharia.com\/haria\/wp-json\/wp\/v2\/posts\/5001\/revisions"}],"wp:attachment":[{"href":"https:\/\/www.ayuntamientodeharia.com\/haria\/wp-json\/wp\/v2\/media?parent=5001"}],"wp:term":[{"taxonomy":"category","embeddable":true,"href":"https:\/\/www.ayuntamientodeharia.com\/haria\/wp-json\/wp\/v2\/categories?post=5001"},{"taxonomy":"post_tag","embeddable":true,"href":"https:\/\/www.ayuntamientodeharia.com\/haria\/wp-json\/wp\/v2\/tags?post=5001"}],"curies":[{"name":"wp","href":"https:\/\/api.w.org\/{rel}","templated":true}]}}