{"id":4993,"date":"2016-04-19T12:15:12","date_gmt":"2016-04-19T12:15:12","guid":{"rendered":"http:\/\/www.ayuntamientodeharia.com\/haria\/?p=4993"},"modified":"2016-04-19T12:15:12","modified_gmt":"2016-04-19T12:15:12","slug":"el-mirador-de-guatifay-13","status":"publish","type":"post","link":"https:\/\/www.ayuntamientodeharia.com\/haria\/el-mirador-de-guatifay-13\/","title":{"rendered":"El Mirador de Guatifay"},"content":{"rendered":"<p><a style=\"font-weight: inherit; font-style: inherit; color: #1b8be0;\" href=\"http:\/\/www.ayuntamientodeharia.com\/haria\/wp-content\/uploads\/2016\/01\/gregorio.jpg\"><img decoding=\"async\" class=\"alignleft  wp-image-3454\" style=\"font-weight: inherit; font-style: inherit; color: inherit;\" src=\"http:\/\/www.ayuntamientodeharia.com\/haria\/wp-content\/uploads\/2016\/01\/gregorio-246x300.jpg\" alt=\"gregorio\" width=\"114\" height=\"138\" srcset=\"https:\/\/www.ayuntamientodeharia.com\/haria\/wp-content\/uploads\/2016\/01\/gregorio-246x300.jpg 246w, https:\/\/www.ayuntamientodeharia.com\/haria\/wp-content\/uploads\/2016\/01\/gregorio.jpg 249w\" sizes=\"(max-width: 114px) 100vw, 114px\" \/><\/a><\/p>\n<p><strong style=\"font-weight: bold; font-style: inherit; color: inherit;\">Por Gregorio Barreto Vi\u00f1oly<\/strong><\/p>\n<p>&nbsp;<\/p>\n<p>&nbsp;<\/p>\n<h6 style=\"font-weight: inherit;\"><strong>De la educaci\u00f3n en Har\u00eda en los tiempos ya muy pasados<\/strong><\/h6>\n<p>La educaci\u00f3n en la actualidad es muy distinta a la que tuvieron nuestros mayores, y vamos a centrarnos en este espacio a su evoluci\u00f3n en el municipio de Har\u00eda.<\/p>\n<p>&nbsp;<\/p>\n<p>Antes no hab\u00eda posibilidades de estudiar porque no hab\u00eda medios econ\u00f3micos ni organizativos como para proporcionar a la clase estudiantil las condiciones o estructuras debidas como para la formaci\u00f3n de la gente joven o en edad de estudiar.<\/p>\n<p><!--more--><\/p>\n<p>&nbsp;<\/p>\n<p>Hay que valorar que antes, la mayor\u00eda de la gente era analfabeta, porque el estudio estaba vedado a la mayor\u00eda de la poblaci\u00f3n y solo hab\u00eda un peque\u00f1o porcentaje de personas que pod\u00eda estudiar, y estos en muchos casos ten\u00edan que ir a una isla capitalina para cursar sus estudios, porque en Lanzarote no hab\u00eda ni centros educativos.<\/p>\n<p>&nbsp;<\/p>\n<p>Pero empecemos por la escuela, que es lo primero, y digamos que fueron muchos los ni\u00f1os que no pudieron ir a la escuela, pues los varones ten\u00edan que ayudar a sus padres en todas las tareas de agricultura y ganader\u00eda, e incluso algunos se iban de peque\u00f1os de criados, y las ni\u00f1as, igualmente, ayudaban a su madre en las labores de la casa y luego fueron muchas las que ya desde los ocho a\u00f1os se iban colocando de sirvientas.<\/p>\n<p>&nbsp;<\/p>\n<p>Pero los ni\u00f1os siempre la tuvieron mal porque hab\u00eda que procurar no ser todos analfabetos irremediablemente, y en ello mucho tambi\u00e9n se empe\u00f1aban sus padres o responsables, y as\u00ed algunos aprend\u00edan en sus propias casas, y otros eran ayudados por los vecinos o familiares que supieran, ya que eran pocos los que sab\u00edan hacerlo.<\/p>\n<p>&nbsp;<\/p>\n<p>Y los ni\u00f1os que se iban a la escuela ten\u00edan enfrente al maestro o maestra, con unas ideas ya muy anticuadas y que ten\u00edan como lema uniforme el de \u201cLa letra con sangre entra\u201d, y ante cualquier fallito en la conducta, llegaban a ponerlos de rodillas sobre arena, y eso era realmente una salvajada, pero es lo que hab\u00eda. Pero por si fuera poco, al llegar a casa, si ten\u00edan alguna queja insignificante procedente de la escuela, del maestro u otro signo, la madre sol\u00edan amenazar al ni\u00f1o con la frase de \u201cCuando tu padre llegue a la noche, te espabila\u201d, y le somet\u00eda a algunas bofetadas para reprenderle.<\/p>\n<p>&nbsp;<\/p>\n<p>De todas formas, hab\u00eda alguna familia m\u00e1s pudiente que pod\u00eda dar estudios a sus hijos, pero eran muy pocas, y hasta los mandaban a Las Palmas, porque aqu\u00ed no hab\u00edan medios de ning\u00fan tipo para promocionarse o estudiar, y podemos destacar a la familia de los L\u00f3pez, los Curbelo, los Socas, los Valenciano, y muy pocos m\u00e1s. No obstante, digamos que de la isla de Lanzarote, Har\u00eda fue destacada por ser de donde m\u00e1s estudiantes salieron en la antig\u00fcedad.<\/p>\n<p>&nbsp;<\/p>\n<p>Tambi\u00e9n Har\u00eda puede hasta de presumir de haber sido el primer municipio rural de la Isla donde se ubic\u00f3 un centro de segunda ense\u00f1anza, e incluso hubo hasta un centro de formaci\u00f3n profesional, y en ello juega el impulso y ambiente estudiantil que se fue creando con personas que daban algunas clases particulares, jugando un papel muy importante la denominada Academia que cre\u00f3 el cura Don Enrique Dorta Alfonso con la ayuda de otros intelectuales del pueblo, como fueron Don Domingo Barreto Barreto y algunos otros, surgiendo de ello el Colegio Libre Adoptado, y luego el Instituto de Bachillerato de Har\u00eda, como dije, el primero insular.<\/p>\n","protected":false},"excerpt":{"rendered":"<p>Por Gregorio Barreto Vi\u00f1oly &nbsp; &nbsp; De la educaci\u00f3n en Har\u00eda en los tiempos ya muy pasados La educaci\u00f3n en la actualidad es muy distinta a la que tuvieron nuestros mayores, y vamos a centrarnos en este espacio a su evoluci\u00f3n en el municipio de Har\u00eda. &nbsp; Antes no hab\u00eda posibilidades de estudiar porque no [&hellip;]<\/p>\n","protected":false},"author":2,"featured_media":0,"comment_status":"closed","ping_status":"closed","sticky":false,"template":"","format":"standard","meta":{"footnotes":""},"categories":[118,11],"tags":[],"class_list":["post-4993","post","type-post","status-publish","format-standard","hentry","category-el-mirador-de-guatifay","category-hoja-de-haria"],"_links":{"self":[{"href":"https:\/\/www.ayuntamientodeharia.com\/haria\/wp-json\/wp\/v2\/posts\/4993","targetHints":{"allow":["GET"]}}],"collection":[{"href":"https:\/\/www.ayuntamientodeharia.com\/haria\/wp-json\/wp\/v2\/posts"}],"about":[{"href":"https:\/\/www.ayuntamientodeharia.com\/haria\/wp-json\/wp\/v2\/types\/post"}],"author":[{"embeddable":true,"href":"https:\/\/www.ayuntamientodeharia.com\/haria\/wp-json\/wp\/v2\/users\/2"}],"replies":[{"embeddable":true,"href":"https:\/\/www.ayuntamientodeharia.com\/haria\/wp-json\/wp\/v2\/comments?post=4993"}],"version-history":[{"count":0,"href":"https:\/\/www.ayuntamientodeharia.com\/haria\/wp-json\/wp\/v2\/posts\/4993\/revisions"}],"wp:attachment":[{"href":"https:\/\/www.ayuntamientodeharia.com\/haria\/wp-json\/wp\/v2\/media?parent=4993"}],"wp:term":[{"taxonomy":"category","embeddable":true,"href":"https:\/\/www.ayuntamientodeharia.com\/haria\/wp-json\/wp\/v2\/categories?post=4993"},{"taxonomy":"post_tag","embeddable":true,"href":"https:\/\/www.ayuntamientodeharia.com\/haria\/wp-json\/wp\/v2\/tags?post=4993"}],"curies":[{"name":"wp","href":"https:\/\/api.w.org\/{rel}","templated":true}]}}