{"id":4991,"date":"2016-04-19T08:46:37","date_gmt":"2016-04-19T08:46:37","guid":{"rendered":"http:\/\/www.ayuntamientodeharia.com\/haria\/?p=4991"},"modified":"2016-04-19T08:46:37","modified_gmt":"2016-04-19T08:46:37","slug":"la-haria-extreme-contara-con-los-mejores-corredores-nacionales-de-carrera-por-montana","status":"publish","type":"post","link":"https:\/\/www.ayuntamientodeharia.com\/haria\/la-haria-extreme-contara-con-los-mejores-corredores-nacionales-de-carrera-por-montana\/","title":{"rendered":"La \u2018Har\u00eda Extreme\u2019 contar\u00e1 con los mejores corredores nacionales de carrera por monta\u00f1a"},"content":{"rendered":"<p><a href=\"http:\/\/www.ayuntamientodeharia.com\/haria\/wp-content\/uploads\/2016\/04\/corredores.jpg\"><img fetchpriority=\"high\" decoding=\"async\" class=\"alignleft  wp-image-4971\" src=\"http:\/\/www.ayuntamientodeharia.com\/haria\/wp-content\/uploads\/2016\/04\/corredores-300x129.jpg\" alt=\"corredores\" width=\"341\" height=\"154\" \/><\/a>Ya est\u00e1 todo preparado para que el municipio de Har\u00eda acoja una de las carrera por monta\u00f1a m\u00e1s destacadas del \u00e1mbito deportivo nacional, la celebraci\u00f3n de la IV edici\u00f3n de la \u2018Har\u00eda Extreme\u2019.<\/p>\n<p>&nbsp;<\/p>\n<p>Las m\u00faltiples banderolas, carteles y pancartas colocadas en lugares destacados del municipio nos anuncian que en unos d\u00edas nos convertiremos en el epicentro del trail runnig nacional, ya que la quinta y \u00faltima prueba de la \u2018Copa de Espa\u00f1a de carreras por monta\u00f1a-Gran Premio Buff-Salom\u00f3n\u2019, que se disputar\u00e1 en la \u2018Har\u00eda Extreme\u2019 a trav\u00e9s de la modalidad Copa, ser\u00e1 fundamental para decidir qui\u00e9n se convertir\u00e1 en el campe\u00f3n y la campeona nacional de carreras por monta\u00f1a en 2014.<\/p>\n<p><!--more--><\/p>\n<p>&nbsp;<\/p>\n<p>Se trata de un acontecimiento deportivo de primer orden donde competir\u00e1n los mejores corredores del pa\u00eds, con el objetivo de intentar clasificarse en los primeros puestos del ranking nacional.<\/p>\n<p>&nbsp;<\/p>\n<p>La modalidad Copa contar\u00e1 con la participaci\u00f3n, en la categor\u00eda senior, de los corredores Alfredo Gil, l\u00edder de la categor\u00eda y actual favorito por su regularidad en las anteriores pruebas diputadas, y de David L\u00f3pez Cast\u00e1n, ambos flamantes subcampeones en la prestigiosa carrera por etapas \u2018Gore-Tex Transalpine-Run\u2019. Iv\u00e1n Ortiz y Toni Rold\u00e1n, segundo y tercero, respectivamente, en la general intentar\u00e1n subir en la clasificaci\u00f3n para optar al podio.<\/p>\n<p>&nbsp;<\/p>\n<p>En categor\u00eda femenina, Eva Mar\u00eda Moreda, segunda en la clasificaci\u00f3n general, intentar\u00e1 relevar en el liderazgo a Maite Maiora y optar al primer puesto del p\u00f3- dium. Los corredores nacionales encontrar\u00e1n grandes competidores en los deportistas canarios que luchar\u00e1n por conseguir los mejores puestos y optar al p\u00f3dium en la \u2018Copa de Canarias&#8217;.<\/p>\n<p>&nbsp;<\/p>\n<p>El pistoletazo de salida de la IV edici\u00f3n de la \u2018Har\u00eda extreme\u2019 tendr\u00e1 lugar el martes, 7 de octubre, a las 17:30 horas, en el Hotel Sands Beach Resort de Costa Teguise, donde la corredora nacional Eva Mar\u00eda Moreda impartir\u00e1 tambi\u00e9n una m\u00e1ster class sobre lo que debe saber un corredor al enfrentarse a una prueba deportiva, como las t\u00e9cnicas de ascenso y descenso o las mejores formas de calentar y estirar tus m\u00fasculos, entre otras muchas cuestiones.<\/p>\n<p>&nbsp;<\/p>\n<p>El jueves, 9 de octubre, a las 13:00 horas, se presentar\u00e1 oficialmente la prueba, en una rueda de prensa que se celebrar\u00e1 en el Hotel Sands Beach Resort de Costa Teguise.<\/p>\n<p>&nbsp;<\/p>\n<p>En apenas cuatro a\u00f1os, la \u2018Har\u00eda Extreme \u2018se ha consolidado en el calendario nacional como una de las pruebas destacadas de la \u2018Copa de Espa\u00f1a-Gran Premio BuffSalom\u00f3n\u2019, lo que la acerca cada vez m\u00e1s a ser candidata a formar parte de competiciones internacionales.<\/p>\n<p>&nbsp;<\/p>\n<p><a href=\"http:\/\/www.ayuntamientodeharia.com\/haria\/wp-content\/uploads\/2016\/04\/corredor.jpg\"><img decoding=\"async\" class=\"aligncenter size-medium wp-image-4970\" src=\"http:\/\/www.ayuntamientodeharia.com\/haria\/wp-content\/uploads\/2016\/04\/corredor-300x294.jpg\" alt=\"corredor\" width=\"300\" height=\"294\" srcset=\"https:\/\/www.ayuntamientodeharia.com\/haria\/wp-content\/uploads\/2016\/04\/corredor-300x294.jpg 300w, https:\/\/www.ayuntamientodeharia.com\/haria\/wp-content\/uploads\/2016\/04\/corredor.jpg 698w\" sizes=\"(max-width: 300px) 100vw, 300px\" \/><\/a><\/p>\n","protected":false},"excerpt":{"rendered":"<p>Ya est\u00e1 todo preparado para que el municipio de Har\u00eda acoja una de las carrera por monta\u00f1a m\u00e1s destacadas del \u00e1mbito deportivo nacional, la celebraci\u00f3n de la IV edici\u00f3n de la \u2018Har\u00eda Extreme\u2019. &nbsp; Las m\u00faltiples banderolas, carteles y pancartas colocadas en lugares destacados del municipio nos anuncian que en unos d\u00edas nos convertiremos en [&hellip;]<\/p>\n","protected":false},"author":2,"featured_media":0,"comment_status":"closed","ping_status":"closed","sticky":false,"template":"","format":"standard","meta":{"footnotes":""},"categories":[17,11],"tags":[],"class_list":["post-4991","post","type-post","status-publish","format-standard","hentry","category-deportes","category-hoja-de-haria"],"_links":{"self":[{"href":"https:\/\/www.ayuntamientodeharia.com\/haria\/wp-json\/wp\/v2\/posts\/4991","targetHints":{"allow":["GET"]}}],"collection":[{"href":"https:\/\/www.ayuntamientodeharia.com\/haria\/wp-json\/wp\/v2\/posts"}],"about":[{"href":"https:\/\/www.ayuntamientodeharia.com\/haria\/wp-json\/wp\/v2\/types\/post"}],"author":[{"embeddable":true,"href":"https:\/\/www.ayuntamientodeharia.com\/haria\/wp-json\/wp\/v2\/users\/2"}],"replies":[{"embeddable":true,"href":"https:\/\/www.ayuntamientodeharia.com\/haria\/wp-json\/wp\/v2\/comments?post=4991"}],"version-history":[{"count":0,"href":"https:\/\/www.ayuntamientodeharia.com\/haria\/wp-json\/wp\/v2\/posts\/4991\/revisions"}],"wp:attachment":[{"href":"https:\/\/www.ayuntamientodeharia.com\/haria\/wp-json\/wp\/v2\/media?parent=4991"}],"wp:term":[{"taxonomy":"category","embeddable":true,"href":"https:\/\/www.ayuntamientodeharia.com\/haria\/wp-json\/wp\/v2\/categories?post=4991"},{"taxonomy":"post_tag","embeddable":true,"href":"https:\/\/www.ayuntamientodeharia.com\/haria\/wp-json\/wp\/v2\/tags?post=4991"}],"curies":[{"name":"wp","href":"https:\/\/api.w.org\/{rel}","templated":true}]}}