{"id":4989,"date":"2016-04-19T08:44:06","date_gmt":"2016-04-19T08:44:06","guid":{"rendered":"http:\/\/www.ayuntamientodeharia.com\/haria\/?p=4989"},"modified":"2016-04-19T08:44:06","modified_gmt":"2016-04-19T08:44:06","slug":"abierta-la-inscripcion-de-los-talleres-de-manualidades-navidenas-y-corte-y-confeccion","status":"publish","type":"post","link":"https:\/\/www.ayuntamientodeharia.com\/haria\/abierta-la-inscripcion-de-los-talleres-de-manualidades-navidenas-y-corte-y-confeccion\/","title":{"rendered":"Abierta la inscripci\u00f3n de los talleres de manualidades navide\u00f1as y corte y confecci\u00f3n"},"content":{"rendered":"<p>La Concejal\u00eda de Cultura pone en marcha un nuevo taller de manualidades navide\u00f1as y otro de corte y confecci\u00f3n en varios pueblos del municipio. Las clases de manualidades navide\u00f1as se impartir\u00e1n todos los jueves, a partir del 16 de octubre, de 16:00 a 18:00 horas, en el Centro Sociocultural Calet\u00f3n de \u00d3rzola.<\/p>\n<p><!--more--><\/p>\n<p>&nbsp;<\/p>\n<p>En cuanto al taller de corte y confecci\u00f3n, este dar\u00e1 comienzo el 15 de octubre y se desarrollar\u00e1 todos los mi\u00e9rcoles, de 10:00 a 13:00 horas, en el Taller de Artesan\u00eda de Har\u00eda, y de 16:30 a 19:30 horas, en la Sociedad Renacimiento de Mala.<\/p>\n<p>&nbsp;<\/p>\n<p>Las personas interesadas en la realizaci\u00f3n de alguno de estos talleres deber\u00e1n ponerse en contacto con el Departamento de Cultura, bien en las dependencias municipales o llamando a los n\u00fameros de tel\u00e9fono 928 835 009 y 928 835 300 y realizar la inscripci\u00f3n correspondiente. El coste del taller de manualidades es de 10 euros y el de corte y confecci\u00f3n, 20<\/p>\n","protected":false},"excerpt":{"rendered":"<p>La Concejal\u00eda de Cultura pone en marcha un nuevo taller de manualidades navide\u00f1as y otro de corte y confecci\u00f3n en varios pueblos del municipio. Las clases de manualidades navide\u00f1as se impartir\u00e1n todos los jueves, a partir del 16 de octubre, de 16:00 a 18:00 horas, en el Centro Sociocultural Calet\u00f3n de \u00d3rzola.<\/p>\n","protected":false},"author":2,"featured_media":0,"comment_status":"closed","ping_status":"closed","sticky":false,"template":"","format":"standard","meta":{"footnotes":""},"categories":[16,11],"tags":[],"class_list":["post-4989","post","type-post","status-publish","format-standard","hentry","category-cultura","category-hoja-de-haria"],"_links":{"self":[{"href":"https:\/\/www.ayuntamientodeharia.com\/haria\/wp-json\/wp\/v2\/posts\/4989","targetHints":{"allow":["GET"]}}],"collection":[{"href":"https:\/\/www.ayuntamientodeharia.com\/haria\/wp-json\/wp\/v2\/posts"}],"about":[{"href":"https:\/\/www.ayuntamientodeharia.com\/haria\/wp-json\/wp\/v2\/types\/post"}],"author":[{"embeddable":true,"href":"https:\/\/www.ayuntamientodeharia.com\/haria\/wp-json\/wp\/v2\/users\/2"}],"replies":[{"embeddable":true,"href":"https:\/\/www.ayuntamientodeharia.com\/haria\/wp-json\/wp\/v2\/comments?post=4989"}],"version-history":[{"count":0,"href":"https:\/\/www.ayuntamientodeharia.com\/haria\/wp-json\/wp\/v2\/posts\/4989\/revisions"}],"wp:attachment":[{"href":"https:\/\/www.ayuntamientodeharia.com\/haria\/wp-json\/wp\/v2\/media?parent=4989"}],"wp:term":[{"taxonomy":"category","embeddable":true,"href":"https:\/\/www.ayuntamientodeharia.com\/haria\/wp-json\/wp\/v2\/categories?post=4989"},{"taxonomy":"post_tag","embeddable":true,"href":"https:\/\/www.ayuntamientodeharia.com\/haria\/wp-json\/wp\/v2\/tags?post=4989"}],"curies":[{"name":"wp","href":"https:\/\/api.w.org\/{rel}","templated":true}]}}