{"id":4982,"date":"2016-04-19T08:23:29","date_gmt":"2016-04-19T08:23:29","guid":{"rendered":"http:\/\/www.ayuntamientodeharia.com\/haria\/?p=4982"},"modified":"2016-04-19T08:41:33","modified_gmt":"2016-04-19T08:41:33","slug":"emotivo-homenaje-a-cesar-manrique-en-el-vigesimo-segundo-aniversario-de-su-fallecimiento","status":"publish","type":"post","link":"https:\/\/www.ayuntamientodeharia.com\/haria\/emotivo-homenaje-a-cesar-manrique-en-el-vigesimo-segundo-aniversario-de-su-fallecimiento\/","title":{"rendered":"Emotivo homenaje a C\u00e9sar Manrique en el vig\u00e9simo segundo aniversario de su fallecimiento"},"content":{"rendered":"<p><a href=\"http:\/\/www.ayuntamientodeharia.com\/haria\/wp-content\/uploads\/2016\/04\/colegio1.jpg\"><img decoding=\"async\" class=\"alignleft  wp-image-4969\" src=\"http:\/\/www.ayuntamientodeharia.com\/haria\/wp-content\/uploads\/2016\/04\/colegio1-300x218.jpg\" alt=\"colegio\" width=\"239\" height=\"176\" \/><\/a>Con la lectura del poema \u2018Pastor de vientos y volcanes\u2019, escrito por Rafael Alberti en honor a C\u00e9sar Manrique en 1979, los alumnos del CEIP San Juan de Har\u00eda abrieron el acto homenaje que cada 25 de septiembre le rinden al genial artista lanzarote\u00f1o los trabajadores de los Centros Tur\u00edsticos, coincidiendo con el aniversario de su fallecimiento.<\/p>\n<p><!--more--><\/p>\n<p>&nbsp;<\/p>\n<p>A continuaci\u00f3n, Marcial Mart\u00edn, antiguo director de los Centros, realiz\u00f3 una breve semblanza sobre la figura de Manrique y Luis Morera, voz y compositor del grupo Taburiente, le dedico al \u2018Gigante del Universo\u2019, como as\u00ed denomin\u00f3 al artista, una emotiva malague\u00f1a.<\/p>\n<p>&nbsp;<\/p>\n<p>El acto finaliz\u00f3 con una ofrenda floral realizada por los trabajadores de los Centros y el Ayuntamiento de Har\u00eda ante la tumba de C\u00e9sar Manrique.<\/p>\n","protected":false},"excerpt":{"rendered":"<p>Con la lectura del poema \u2018Pastor de vientos y volcanes\u2019, escrito por Rafael Alberti en honor a C\u00e9sar Manrique en 1979, los alumnos del CEIP San Juan de Har\u00eda abrieron el acto homenaje que cada 25 de septiembre le rinden al genial artista lanzarote\u00f1o los trabajadores de los Centros Tur\u00edsticos, coincidiendo con el aniversario de [&hellip;]<\/p>\n","protected":false},"author":2,"featured_media":0,"comment_status":"closed","ping_status":"closed","sticky":false,"template":"","format":"standard","meta":{"footnotes":""},"categories":[11,81],"tags":[],"class_list":["post-4982","post","type-post","status-publish","format-standard","hentry","category-hoja-de-haria","category-municipio"],"_links":{"self":[{"href":"https:\/\/www.ayuntamientodeharia.com\/haria\/wp-json\/wp\/v2\/posts\/4982","targetHints":{"allow":["GET"]}}],"collection":[{"href":"https:\/\/www.ayuntamientodeharia.com\/haria\/wp-json\/wp\/v2\/posts"}],"about":[{"href":"https:\/\/www.ayuntamientodeharia.com\/haria\/wp-json\/wp\/v2\/types\/post"}],"author":[{"embeddable":true,"href":"https:\/\/www.ayuntamientodeharia.com\/haria\/wp-json\/wp\/v2\/users\/2"}],"replies":[{"embeddable":true,"href":"https:\/\/www.ayuntamientodeharia.com\/haria\/wp-json\/wp\/v2\/comments?post=4982"}],"version-history":[{"count":0,"href":"https:\/\/www.ayuntamientodeharia.com\/haria\/wp-json\/wp\/v2\/posts\/4982\/revisions"}],"wp:attachment":[{"href":"https:\/\/www.ayuntamientodeharia.com\/haria\/wp-json\/wp\/v2\/media?parent=4982"}],"wp:term":[{"taxonomy":"category","embeddable":true,"href":"https:\/\/www.ayuntamientodeharia.com\/haria\/wp-json\/wp\/v2\/categories?post=4982"},{"taxonomy":"post_tag","embeddable":true,"href":"https:\/\/www.ayuntamientodeharia.com\/haria\/wp-json\/wp\/v2\/tags?post=4982"}],"curies":[{"name":"wp","href":"https:\/\/api.w.org\/{rel}","templated":true}]}}