{"id":4980,"date":"2016-04-19T08:22:23","date_gmt":"2016-04-19T08:22:23","guid":{"rendered":"http:\/\/www.ayuntamientodeharia.com\/haria\/?p=4980"},"modified":"2016-04-19T08:22:23","modified_gmt":"2016-04-19T08:22:23","slug":"reunion-informativa-sobre-los-viajes-del-imserso","status":"publish","type":"post","link":"https:\/\/www.ayuntamientodeharia.com\/haria\/reunion-informativa-sobre-los-viajes-del-imserso\/","title":{"rendered":"Reuni\u00f3n informativa sobre los viajes del IMSERSO"},"content":{"rendered":"<p>La Concejal\u00eda de Servicios Sociales informa a los mayores del municipio interesados en inscribirse en el programa de Turismo Social del IMSERSO 2014\/2015, que se celebrar\u00e1 una reuni\u00f3n informativa el mi\u00e9rcoles, 8 de octubre, a las 10.00 horas, en el Centro Sociocultural La Tegala de Har\u00eda.<\/p>\n<p><!--more--><\/p>\n<p>&nbsp;<\/p>\n<p>Este a\u00f1o, los destinos ofertados por el IMSERSO son Galicia, Santa Susana (Barcelona), Punta Umbr\u00eda (Huelva), Mallorca, Tenerife e Ibiza. Los mayores que no puedan asistir a la reuni\u00f3n y est\u00e9n interesados en inscribirse en alguno de los viajes deber\u00e1n dirigirse al Centro de la Tercera Edad, donde se les facilitar\u00e1 toda la informaci\u00f3n relacionada con las condiciones e itinerarios.<\/p>\n","protected":false},"excerpt":{"rendered":"<p>La Concejal\u00eda de Servicios Sociales informa a los mayores del municipio interesados en inscribirse en el programa de Turismo Social del IMSERSO 2014\/2015, que se celebrar\u00e1 una reuni\u00f3n informativa el mi\u00e9rcoles, 8 de octubre, a las 10.00 horas, en el Centro Sociocultural La Tegala de Har\u00eda.<\/p>\n","protected":false},"author":2,"featured_media":0,"comment_status":"closed","ping_status":"closed","sticky":false,"template":"","format":"standard","meta":{"footnotes":""},"categories":[11,61],"tags":[],"class_list":["post-4980","post","type-post","status-publish","format-standard","hentry","category-hoja-de-haria","category-tercera-edad"],"_links":{"self":[{"href":"https:\/\/www.ayuntamientodeharia.com\/haria\/wp-json\/wp\/v2\/posts\/4980","targetHints":{"allow":["GET"]}}],"collection":[{"href":"https:\/\/www.ayuntamientodeharia.com\/haria\/wp-json\/wp\/v2\/posts"}],"about":[{"href":"https:\/\/www.ayuntamientodeharia.com\/haria\/wp-json\/wp\/v2\/types\/post"}],"author":[{"embeddable":true,"href":"https:\/\/www.ayuntamientodeharia.com\/haria\/wp-json\/wp\/v2\/users\/2"}],"replies":[{"embeddable":true,"href":"https:\/\/www.ayuntamientodeharia.com\/haria\/wp-json\/wp\/v2\/comments?post=4980"}],"version-history":[{"count":0,"href":"https:\/\/www.ayuntamientodeharia.com\/haria\/wp-json\/wp\/v2\/posts\/4980\/revisions"}],"wp:attachment":[{"href":"https:\/\/www.ayuntamientodeharia.com\/haria\/wp-json\/wp\/v2\/media?parent=4980"}],"wp:term":[{"taxonomy":"category","embeddable":true,"href":"https:\/\/www.ayuntamientodeharia.com\/haria\/wp-json\/wp\/v2\/categories?post=4980"},{"taxonomy":"post_tag","embeddable":true,"href":"https:\/\/www.ayuntamientodeharia.com\/haria\/wp-json\/wp\/v2\/tags?post=4980"}],"curies":[{"name":"wp","href":"https:\/\/api.w.org\/{rel}","templated":true}]}}