{"id":4967,"date":"2016-04-19T08:17:46","date_gmt":"2016-04-19T08:17:46","guid":{"rendered":"http:\/\/www.ayuntamientodeharia.com\/haria\/?p=4967"},"modified":"2016-04-19T08:17:46","modified_gmt":"2016-04-19T08:17:46","slug":"la-mirada-cautiva-en-la-sala-el-aljibe","status":"publish","type":"post","link":"https:\/\/www.ayuntamientodeharia.com\/haria\/la-mirada-cautiva-en-la-sala-el-aljibe\/","title":{"rendered":"\u2018La Mirada Cautiva\u2019, en la Sala El Aljibe"},"content":{"rendered":"<p><a href=\"http:\/\/www.ayuntamientodeharia.com\/haria\/wp-content\/uploads\/2016\/04\/la-mirada-cautiva.jpg\"><img decoding=\"async\" class=\"alignleft  wp-image-4972\" src=\"http:\/\/www.ayuntamientodeharia.com\/haria\/wp-content\/uploads\/2016\/04\/la-mirada-cautiva-279x300.jpg\" alt=\"la mirada cautiva\" width=\"198\" height=\"212\" srcset=\"https:\/\/www.ayuntamientodeharia.com\/haria\/wp-content\/uploads\/2016\/04\/la-mirada-cautiva-279x300.jpg 279w, https:\/\/www.ayuntamientodeharia.com\/haria\/wp-content\/uploads\/2016\/04\/la-mirada-cautiva.jpg 750w\" sizes=\"(max-width: 198px) 100vw, 198px\" \/><\/a>La sala de exposiciones El Aljibe de Har\u00eda acoger\u00e1 a partir de este s\u00e1bado, 4 de octubre, a las 12:00 horas, los trabajos de fotograf\u00eda realizados por los alumnos del Ciclo Formativo de Grado Superior de Fotograf\u00eda de la Escuela de Arte Pancho Lasso, elaborados en homenaje a August Sander, maestro alem\u00e1n del retrato en el per\u00edodo de entreguerras del pasado siglo.<\/p>\n<p><!--more--><\/p>\n<p>&nbsp;<\/p>\n<p>La muestra, que cuenta con unas 50 im\u00e1- genes realizadas en blanco y negro, est\u00e1 comisariada por Javier Alonso, profesor y jefe del Departamento de Proyectos y Talleres de Fotograf\u00eda de la Escuela, podr\u00e1 visitarse hasta el 1 de noviembre, de lunes a s\u00e1bado, en horario de 10:00 a 14:00 horas.<\/p>\n","protected":false},"excerpt":{"rendered":"<p>La sala de exposiciones El Aljibe de Har\u00eda acoger\u00e1 a partir de este s\u00e1bado, 4 de octubre, a las 12:00 horas, los trabajos de fotograf\u00eda realizados por los alumnos del Ciclo Formativo de Grado Superior de Fotograf\u00eda de la Escuela de Arte Pancho Lasso, elaborados en homenaje a August Sander, maestro alem\u00e1n del retrato en [&hellip;]<\/p>\n","protected":false},"author":2,"featured_media":0,"comment_status":"closed","ping_status":"closed","sticky":false,"template":"","format":"standard","meta":{"footnotes":""},"categories":[16,11],"tags":[],"class_list":["post-4967","post","type-post","status-publish","format-standard","hentry","category-cultura","category-hoja-de-haria"],"_links":{"self":[{"href":"https:\/\/www.ayuntamientodeharia.com\/haria\/wp-json\/wp\/v2\/posts\/4967","targetHints":{"allow":["GET"]}}],"collection":[{"href":"https:\/\/www.ayuntamientodeharia.com\/haria\/wp-json\/wp\/v2\/posts"}],"about":[{"href":"https:\/\/www.ayuntamientodeharia.com\/haria\/wp-json\/wp\/v2\/types\/post"}],"author":[{"embeddable":true,"href":"https:\/\/www.ayuntamientodeharia.com\/haria\/wp-json\/wp\/v2\/users\/2"}],"replies":[{"embeddable":true,"href":"https:\/\/www.ayuntamientodeharia.com\/haria\/wp-json\/wp\/v2\/comments?post=4967"}],"version-history":[{"count":0,"href":"https:\/\/www.ayuntamientodeharia.com\/haria\/wp-json\/wp\/v2\/posts\/4967\/revisions"}],"wp:attachment":[{"href":"https:\/\/www.ayuntamientodeharia.com\/haria\/wp-json\/wp\/v2\/media?parent=4967"}],"wp:term":[{"taxonomy":"category","embeddable":true,"href":"https:\/\/www.ayuntamientodeharia.com\/haria\/wp-json\/wp\/v2\/categories?post=4967"},{"taxonomy":"post_tag","embeddable":true,"href":"https:\/\/www.ayuntamientodeharia.com\/haria\/wp-json\/wp\/v2\/tags?post=4967"}],"curies":[{"name":"wp","href":"https:\/\/api.w.org\/{rel}","templated":true}]}}