{"id":4963,"date":"2016-04-19T08:02:53","date_gmt":"2016-04-19T08:02:53","guid":{"rendered":"http:\/\/www.ayuntamientodeharia.com\/haria\/?p=4963"},"modified":"2016-04-19T08:02:53","modified_gmt":"2016-04-19T08:02:53","slug":"el-mirador-de-guatifay-12","status":"publish","type":"post","link":"https:\/\/www.ayuntamientodeharia.com\/haria\/el-mirador-de-guatifay-12\/","title":{"rendered":"El Mirador de Guatifay"},"content":{"rendered":"<p><a style=\"font-weight: inherit; font-style: inherit; color: #1b8be0;\" href=\"http:\/\/www.ayuntamientodeharia.com\/haria\/wp-content\/uploads\/2016\/01\/gregorio.jpg\"><img decoding=\"async\" class=\"alignleft  wp-image-3454\" style=\"font-weight: inherit; font-style: inherit; color: inherit;\" src=\"http:\/\/www.ayuntamientodeharia.com\/haria\/wp-content\/uploads\/2016\/01\/gregorio-246x300.jpg\" alt=\"gregorio\" width=\"114\" height=\"138\" srcset=\"https:\/\/www.ayuntamientodeharia.com\/haria\/wp-content\/uploads\/2016\/01\/gregorio-246x300.jpg 246w, https:\/\/www.ayuntamientodeharia.com\/haria\/wp-content\/uploads\/2016\/01\/gregorio.jpg 249w\" sizes=\"(max-width: 114px) 100vw, 114px\" \/><\/a><\/p>\n<p><strong style=\"font-weight: bold; font-style: inherit; color: inherit;\">Por Gregorio Barreto Vi\u00f1oly<\/strong><\/p>\n<p>&nbsp;<\/p>\n<p>&nbsp;<\/p>\n<h6 style=\"font-weight: inherit;\"><strong>Antiguamente se caminaba mucho para cualquier cosa<\/strong><\/h6>\n<p>Ahora se pretende caminar o moverse bastante, porque en primer lugar es un ejercicio muy saludable y hasta se convocan competiciones encaminadas a ello, pero antes era muy distinto y hab\u00eda que caminar por necesidad, aunque a veces ello estuviera inmerso en un vicio o en una afici\u00f3n deportiva o sana al fin.<\/p>\n<p><!--more--><\/p>\n<p>&nbsp;<\/p>\n<p>Antes, aunque la mayor\u00eda de la gente ten\u00eda un burro donde montarse para hacer sus desplazamientos cortos, o alg\u00fan carro, y ya m\u00e1s tarde fueron viniendo los veh\u00edculos de tracci\u00f3n mec\u00e1nica, hab\u00eda mucha gente que no contaba con medios para desplazarse y ten\u00eda que ir a las fincas por el procedimiento m\u00e1s antiguo, el de ir caminando.<\/p>\n<p>&nbsp;<\/p>\n<p>Y es que hab\u00eda necesidad de ir a las fincas porque los terrenos hab\u00eda que trabajarlos, atenderlos o cultivarlos, para poder obtener fruto de ellos. Pero digamos que hab\u00eda mucha gente que se desplazaba caminando a su trabajo, en especial a fincas r\u00fasticas, que a veces eran muy distantes, pero eran muchos los que ten\u00edan que ir o se iban a pescar o mariscar, o tambi\u00e9n se iban de cacer\u00eda.<\/p>\n<p>&nbsp;<\/p>\n<p>Por otra parte, exist\u00edan personas que ven\u00edan caminando hasta Har\u00eda desde los pueblos de \u00d3rzola, Y\u00e9, Guinate y Mala, y algunas personas, en especial de \u00d3rzola, lo hac\u00edan casi a diario, con esa gran caminada que lleva consigo, y hubo un flujo de soldados desde Bater\u00eda del R\u00edo a Har\u00eda y viceversa. Tambi\u00e9n hubo mucho movimiento entre los pueblos de Har\u00eda y M\u00e1guez por trabajadores, j\u00f3venes y dem\u00e1s.<\/p>\n<p>&nbsp;<\/p>\n<p>Tambi\u00e9n hubo un buen n\u00famero de personas englobadas en el cumplimiento del servicio militar, que siendo de este municipio, hicieron su servicio en las cercan\u00edas de Arrecife, y estos pobres j\u00f3venes, que serv\u00edan unos tres a\u00f1os, ten\u00edan que ir y venir por campo a trav\u00e9s, y algunos consegu\u00edan un permiso de s\u00e1bado a lunes, y ten\u00edan que atravesar las monta\u00f1as, yendo tierra adelante, unas veces de noche y otras de d\u00eda, por veredas o por encima de piedras o como pudieran, y citemos por sabido que ello les pas\u00f3 al menos a Ram\u00f3n M\u00e9ndez Cedr\u00e9s y Jos\u00e9 M\u00e9ndez Betancor, pero tambi\u00e9n hubo algunos que, siendo de T\u00edas o Yaiza, hac\u00edan su recorrido de ida y vuelta igual, caminando desde Yaiza a Bater\u00eda del R\u00edo y viceversa, como Mart\u00edn Reyes Guti\u00e9rrez.<\/p>\n<p>&nbsp;<\/p>\n<p>Tambi\u00e9n se dio alg\u00fan movimiento de personas que iban y ven\u00edan a Arrecife, caminando, como algo bastante usual o normal entonces, pues no hab\u00eda medios a motor.<\/p>\n<p>&nbsp;<\/p>\n<p>Resulta que igualmente hubo mucho movimiento de personas que iban y ven\u00edan a las fiestas, destacando de Har\u00eda las fiestas de Santa Rosa y San Juan, y del pueblo de M\u00e1guez, San Pedro y Santa B\u00e1rbara, y tambi\u00e9n de Mala, las Mercedes.<\/p>\n<p>&nbsp;<\/p>\n<p>Pero tambi\u00e9n se daba un gran movimiento de personas, que muchas de ellas se atrev\u00edan a ir caminando desde antiguamente, del municipio de Har\u00eda a Fem\u00e9s, en el Municipio de Yaiza, donde estaba el Santo San Marcial, el m\u00e1s importante entonces, siendo tambi\u00e9n muy importante el peregrinar al Santuario de Las Nieves en la Monta\u00f1a, pero es ya en la segunda mitad del siglo XX cuando coge el mayor protagonismo la Fiesta de Los Dolores, con la influencia de Do\u00f1a Sebastiana Perera Brito, desde el Cabildo Insular, como consejera de Cultura y como presidenta.<\/p>\n","protected":false},"excerpt":{"rendered":"<p>Por Gregorio Barreto Vi\u00f1oly &nbsp; &nbsp; Antiguamente se caminaba mucho para cualquier cosa Ahora se pretende caminar o moverse bastante, porque en primer lugar es un ejercicio muy saludable y hasta se convocan competiciones encaminadas a ello, pero antes era muy distinto y hab\u00eda que caminar por necesidad, aunque a veces ello estuviera inmerso en [&hellip;]<\/p>\n","protected":false},"author":2,"featured_media":0,"comment_status":"closed","ping_status":"closed","sticky":false,"template":"","format":"standard","meta":{"footnotes":""},"categories":[118,11],"tags":[],"class_list":["post-4963","post","type-post","status-publish","format-standard","hentry","category-el-mirador-de-guatifay","category-hoja-de-haria"],"_links":{"self":[{"href":"https:\/\/www.ayuntamientodeharia.com\/haria\/wp-json\/wp\/v2\/posts\/4963","targetHints":{"allow":["GET"]}}],"collection":[{"href":"https:\/\/www.ayuntamientodeharia.com\/haria\/wp-json\/wp\/v2\/posts"}],"about":[{"href":"https:\/\/www.ayuntamientodeharia.com\/haria\/wp-json\/wp\/v2\/types\/post"}],"author":[{"embeddable":true,"href":"https:\/\/www.ayuntamientodeharia.com\/haria\/wp-json\/wp\/v2\/users\/2"}],"replies":[{"embeddable":true,"href":"https:\/\/www.ayuntamientodeharia.com\/haria\/wp-json\/wp\/v2\/comments?post=4963"}],"version-history":[{"count":0,"href":"https:\/\/www.ayuntamientodeharia.com\/haria\/wp-json\/wp\/v2\/posts\/4963\/revisions"}],"wp:attachment":[{"href":"https:\/\/www.ayuntamientodeharia.com\/haria\/wp-json\/wp\/v2\/media?parent=4963"}],"wp:term":[{"taxonomy":"category","embeddable":true,"href":"https:\/\/www.ayuntamientodeharia.com\/haria\/wp-json\/wp\/v2\/categories?post=4963"},{"taxonomy":"post_tag","embeddable":true,"href":"https:\/\/www.ayuntamientodeharia.com\/haria\/wp-json\/wp\/v2\/tags?post=4963"}],"curies":[{"name":"wp","href":"https:\/\/api.w.org\/{rel}","templated":true}]}}