{"id":4959,"date":"2016-04-19T07:45:04","date_gmt":"2016-04-19T07:45:04","guid":{"rendered":"http:\/\/www.ayuntamientodeharia.com\/haria\/?p=4959"},"modified":"2016-04-19T07:45:04","modified_gmt":"2016-04-19T07:45:04","slug":"el-alcalde-de-haria-anima-a-los-vecinos-a-apoyar-a-los-corredores-de-la-haria-extreme","status":"publish","type":"post","link":"https:\/\/www.ayuntamientodeharia.com\/haria\/el-alcalde-de-haria-anima-a-los-vecinos-a-apoyar-a-los-corredores-de-la-haria-extreme\/","title":{"rendered":"El alcalde de Har\u00eda anima a los vecinos a apoyar a los corredores de la \u2018Har\u00eda Extreme\u2019"},"content":{"rendered":"<p>La carrera por monta\u00f1a \u2018Har\u00eda Extreme\u2019 asume un nuevo desaf\u00edo al acoger la modalidad Copa de Espa\u00f1a, quinta y \u00faltima prueba valedera para la clasificaci\u00f3n general de la \u2018Copa de Espa\u00f1a de Carreras por Monta\u00f1a- Gran Premio Buff-Salom\u00f3n 2014\u2019.<\/p>\n<p><!--more--><\/p>\n<p>&nbsp;<\/p>\n<p>Debido a la importancia y trascendencia de este acontecimiento deportivo para el municipio, el alcalde de Har\u00eda, Jos\u00e9 Torres Stinga, ha dirigido una carta a los vecinos para que el 11 de octubre acudan a la Plaza de Har\u00eda a animar y acompa\u00f1ar a los corredores, no solo en la salida y llegada a meta, sino tambi\u00e9n a lo largo del recorrido. En dicha misiva se les invita tambi\u00e9n a participar en los numerosos actos complementarios organizados a lo largo de la semana.<\/p>\n<p>&nbsp;<\/p>\n<p>Para Torres Stinga, la celebraci\u00f3n de la \u00faltima prueba de la \u2018Copa de Espa\u00f1a de Carreras por Monta\u00f1a-Gran Premio Buff-Salom\u00f3n 2014\u2019 en el municipio \u201csupone, sin lugar a dudas, un orgullo y a la vez un nuevo reto que entre todos superaremos con \u00e9xito\u201d.<\/p>\n","protected":false},"excerpt":{"rendered":"<p>La carrera por monta\u00f1a \u2018Har\u00eda Extreme\u2019 asume un nuevo desaf\u00edo al acoger la modalidad Copa de Espa\u00f1a, quinta y \u00faltima prueba valedera para la clasificaci\u00f3n general de la \u2018Copa de Espa\u00f1a de Carreras por Monta\u00f1a- Gran Premio Buff-Salom\u00f3n 2014\u2019.<\/p>\n","protected":false},"author":2,"featured_media":0,"comment_status":"closed","ping_status":"closed","sticky":false,"template":"","format":"standard","meta":{"footnotes":""},"categories":[17,11],"tags":[],"class_list":["post-4959","post","type-post","status-publish","format-standard","hentry","category-deportes","category-hoja-de-haria"],"_links":{"self":[{"href":"https:\/\/www.ayuntamientodeharia.com\/haria\/wp-json\/wp\/v2\/posts\/4959","targetHints":{"allow":["GET"]}}],"collection":[{"href":"https:\/\/www.ayuntamientodeharia.com\/haria\/wp-json\/wp\/v2\/posts"}],"about":[{"href":"https:\/\/www.ayuntamientodeharia.com\/haria\/wp-json\/wp\/v2\/types\/post"}],"author":[{"embeddable":true,"href":"https:\/\/www.ayuntamientodeharia.com\/haria\/wp-json\/wp\/v2\/users\/2"}],"replies":[{"embeddable":true,"href":"https:\/\/www.ayuntamientodeharia.com\/haria\/wp-json\/wp\/v2\/comments?post=4959"}],"version-history":[{"count":0,"href":"https:\/\/www.ayuntamientodeharia.com\/haria\/wp-json\/wp\/v2\/posts\/4959\/revisions"}],"wp:attachment":[{"href":"https:\/\/www.ayuntamientodeharia.com\/haria\/wp-json\/wp\/v2\/media?parent=4959"}],"wp:term":[{"taxonomy":"category","embeddable":true,"href":"https:\/\/www.ayuntamientodeharia.com\/haria\/wp-json\/wp\/v2\/categories?post=4959"},{"taxonomy":"post_tag","embeddable":true,"href":"https:\/\/www.ayuntamientodeharia.com\/haria\/wp-json\/wp\/v2\/tags?post=4959"}],"curies":[{"name":"wp","href":"https:\/\/api.w.org\/{rel}","templated":true}]}}