{"id":4957,"date":"2016-04-19T07:44:04","date_gmt":"2016-04-19T07:44:04","guid":{"rendered":"http:\/\/www.ayuntamientodeharia.com\/haria\/?p=4957"},"modified":"2016-04-19T07:44:04","modified_gmt":"2016-04-19T07:44:04","slug":"llego-el-gran-dia","status":"publish","type":"post","link":"https:\/\/www.ayuntamientodeharia.com\/haria\/llego-el-gran-dia\/","title":{"rendered":"\u00a1Lleg\u00f3 el gran d\u00eda!"},"content":{"rendered":"<h6>La \u2018Har\u00eda Extreme\u2019 acoger\u00e1 la final de la \u2018Copa de Espa\u00f1a de Carreras por Monta\u00f1a\u2019<\/h6>\n<p>&nbsp;<\/p>\n<p>Por cuarto a\u00f1o consecutivo, la carrera por monta\u00f1a \u2018Har\u00eda Extreme\u2019 sigue generando una enorme expectaci\u00f3n e inter\u00e9s, no solamente en el \u00e1mbito deportivo, sino tambi\u00e9n a nivel social, debido a las m\u00faltiples actividades complementarias que se desarrollar\u00e1n paralelamente a este evento, que se celebra este s\u00e1bado.<\/p>\n<p><!--more--><\/p>\n<p>&nbsp;<\/p>\n<p>En esta ocasi\u00f3n, la prueba, con m\u00e1s de 900 corredores inscritos en cuatro modalidades diferentes, marcar\u00e1 un antes y un despu\u00e9s en la historia del municipio de Har\u00eda.<\/p>\n<p>&nbsp;<\/p>\n<p>La modalidad Copa de Espa\u00f1a y Canarias de la \u2018Har\u00eda Extreme\u2019, de 33 kil\u00f3metros, ser\u00e1 decisiva, al estar establecida por la Federaci\u00f3n como la quinta y \u00faltima prueba de la \u2018Copa de Espa\u00f1a de carreras por monta\u00f1a-Gran Premio Buff-Salom\u00f3n 2014\u2019. La \u00e9lite de los trail runners nacionales, Alfredo Gil, Iv\u00e1n Ortiz, Toni Rold\u00e1n o David L\u00f3pez, en la categor\u00eda senior masculina, y Maite Maiora, Eva Moreda, Anan Conde y Melisa Gali, en la femenina, parten como favoritos para ocupar los primeros puestos de la clasificaci\u00f3n general. A nivel de la \u2018Copa de Canarias\u2019, hay que destacar la participaci\u00f3n de Belinda Guill\u00e9n y Sarah Eriksson, segunda y tercera en la clasificaci\u00f3n general del \u2018Campeonato de Canarias\u2019.<\/p>\n<p>&nbsp;<\/p>\n<p>La \u2018Har\u00eda Extreme\u2019 retoma en esta edici\u00f3n la modalidad ultra, de 56 kil\u00f3metros, tras dos a\u00f1os de ausencia, estando confirmada la participaci\u00f3n de Pau Bartol\u00f3, campe\u00f3n de la \u2018Cour Mayeur-Champex LacChamonix\u2019, y considerado uno de los mejores corredores de monta\u00f1a a nivel internacional.<\/p>\n<p>&nbsp;<\/p>\n<p>La modalidad senderismo\/starter, de 10 kil\u00f3metros, aproximadamente, cambia este a\u00f1o su recorrido aportando a la prueba un nuevo desaf\u00edo que la hace m\u00e1s atractiva para los numerosos participantes que optan por este trazado.<\/p>\n<p>&nbsp;<\/p>\n<p>Por \u00faltimo, la modalidad m\u00e9dium, de 22 kil\u00f3metros, mantiene el dise\u00f1o de a\u00f1os anteriores.<\/p>\n","protected":false},"excerpt":{"rendered":"<p>La \u2018Har\u00eda Extreme\u2019 acoger\u00e1 la final de la \u2018Copa de Espa\u00f1a de Carreras por Monta\u00f1a\u2019 &nbsp; Por cuarto a\u00f1o consecutivo, la carrera por monta\u00f1a \u2018Har\u00eda Extreme\u2019 sigue generando una enorme expectaci\u00f3n e inter\u00e9s, no solamente en el \u00e1mbito deportivo, sino tambi\u00e9n a nivel social, debido a las m\u00faltiples actividades complementarias que se desarrollar\u00e1n paralelamente a [&hellip;]<\/p>\n","protected":false},"author":2,"featured_media":0,"comment_status":"closed","ping_status":"closed","sticky":false,"template":"","format":"standard","meta":{"footnotes":""},"categories":[17,11],"tags":[],"class_list":["post-4957","post","type-post","status-publish","format-standard","hentry","category-deportes","category-hoja-de-haria"],"_links":{"self":[{"href":"https:\/\/www.ayuntamientodeharia.com\/haria\/wp-json\/wp\/v2\/posts\/4957","targetHints":{"allow":["GET"]}}],"collection":[{"href":"https:\/\/www.ayuntamientodeharia.com\/haria\/wp-json\/wp\/v2\/posts"}],"about":[{"href":"https:\/\/www.ayuntamientodeharia.com\/haria\/wp-json\/wp\/v2\/types\/post"}],"author":[{"embeddable":true,"href":"https:\/\/www.ayuntamientodeharia.com\/haria\/wp-json\/wp\/v2\/users\/2"}],"replies":[{"embeddable":true,"href":"https:\/\/www.ayuntamientodeharia.com\/haria\/wp-json\/wp\/v2\/comments?post=4957"}],"version-history":[{"count":0,"href":"https:\/\/www.ayuntamientodeharia.com\/haria\/wp-json\/wp\/v2\/posts\/4957\/revisions"}],"wp:attachment":[{"href":"https:\/\/www.ayuntamientodeharia.com\/haria\/wp-json\/wp\/v2\/media?parent=4957"}],"wp:term":[{"taxonomy":"category","embeddable":true,"href":"https:\/\/www.ayuntamientodeharia.com\/haria\/wp-json\/wp\/v2\/categories?post=4957"},{"taxonomy":"post_tag","embeddable":true,"href":"https:\/\/www.ayuntamientodeharia.com\/haria\/wp-json\/wp\/v2\/tags?post=4957"}],"curies":[{"name":"wp","href":"https:\/\/api.w.org\/{rel}","templated":true}]}}