{"id":4955,"date":"2016-04-19T07:42:15","date_gmt":"2016-04-19T07:42:15","guid":{"rendered":"http:\/\/www.ayuntamientodeharia.com\/haria\/?p=4955"},"modified":"2016-04-19T07:42:15","modified_gmt":"2016-04-19T07:42:15","slug":"presentacion-oficial-de-la-haria-extreme-en-costa-teguise","status":"publish","type":"post","link":"https:\/\/www.ayuntamientodeharia.com\/haria\/presentacion-oficial-de-la-haria-extreme-en-costa-teguise\/","title":{"rendered":"Presentaci\u00f3n oficial de la \u2018Har\u00eda Extreme\u2019 en Costa Teguise"},"content":{"rendered":"<p>Este jueves, 9 de octubre, se presentar\u00e1 oficialmente la \u2018IV edici\u00f3n de la Har\u00eda Extreme 2014\u2019 en el Hotel Sands Beach Resort de Costa Teguise.<\/p>\n<p>&nbsp;<\/p>\n<p>En la rueda de prensa estar\u00e1n presentes el alcalde de Har\u00eda, Jos\u00e9 Torres Stinga, el presidente del Cabildo de Lanzarote, Pedro San Gin\u00e9s, el director deportivo de la Federaci\u00f3n Nacional de Carrera por Monta\u00f1a, Goio Larra\u00f1aga, y el director deportivo de Arista, Carlos Gonz\u00e1lez, as\u00ed como representantes de los distintos patrocinadores de la prueba.<\/p>\n","protected":false},"excerpt":{"rendered":"<p>Este jueves, 9 de octubre, se presentar\u00e1 oficialmente la \u2018IV edici\u00f3n de la Har\u00eda Extreme 2014\u2019 en el Hotel Sands Beach Resort de Costa Teguise. &nbsp; En la rueda de prensa estar\u00e1n presentes el alcalde de Har\u00eda, Jos\u00e9 Torres Stinga, el presidente del Cabildo de Lanzarote, Pedro San Gin\u00e9s, el director deportivo de la Federaci\u00f3n [&hellip;]<\/p>\n","protected":false},"author":2,"featured_media":0,"comment_status":"closed","ping_status":"closed","sticky":false,"template":"","format":"standard","meta":{"footnotes":""},"categories":[17,11],"tags":[],"class_list":["post-4955","post","type-post","status-publish","format-standard","hentry","category-deportes","category-hoja-de-haria"],"_links":{"self":[{"href":"https:\/\/www.ayuntamientodeharia.com\/haria\/wp-json\/wp\/v2\/posts\/4955","targetHints":{"allow":["GET"]}}],"collection":[{"href":"https:\/\/www.ayuntamientodeharia.com\/haria\/wp-json\/wp\/v2\/posts"}],"about":[{"href":"https:\/\/www.ayuntamientodeharia.com\/haria\/wp-json\/wp\/v2\/types\/post"}],"author":[{"embeddable":true,"href":"https:\/\/www.ayuntamientodeharia.com\/haria\/wp-json\/wp\/v2\/users\/2"}],"replies":[{"embeddable":true,"href":"https:\/\/www.ayuntamientodeharia.com\/haria\/wp-json\/wp\/v2\/comments?post=4955"}],"version-history":[{"count":0,"href":"https:\/\/www.ayuntamientodeharia.com\/haria\/wp-json\/wp\/v2\/posts\/4955\/revisions"}],"wp:attachment":[{"href":"https:\/\/www.ayuntamientodeharia.com\/haria\/wp-json\/wp\/v2\/media?parent=4955"}],"wp:term":[{"taxonomy":"category","embeddable":true,"href":"https:\/\/www.ayuntamientodeharia.com\/haria\/wp-json\/wp\/v2\/categories?post=4955"},{"taxonomy":"post_tag","embeddable":true,"href":"https:\/\/www.ayuntamientodeharia.com\/haria\/wp-json\/wp\/v2\/tags?post=4955"}],"curies":[{"name":"wp","href":"https:\/\/api.w.org\/{rel}","templated":true}]}}